{"id":15415,"date":"2024-07-17T22:27:00","date_gmt":"2024-07-18T01:27:00","guid":{"rendered":"https:\/\/defensoriaformosa.gob.ar\/?p=15415"},"modified":"2024-07-17T22:27:00","modified_gmt":"2024-07-18T01:27:00","slug":"afirman-que-el-aumento-del-dolar-se-traslada-a-los-precios-de-la-canasta-basica-alimentaria-y-a-los-medicamentos","status":"publish","type":"post","link":"https:\/\/defensoriaformosa.gob.ar\/?p=15415","title":{"rendered":"AFIRMAN QUE EL AUMENTO DEL DOLAR SE TRASLADA A LOS PRECIOS DE LA CANASTA BASICA ALIMENTARIA Y A LOS MEDICAMENTOS"},"content":{"rendered":"<p><strong><em>-Los mayores aumentos de precios en alimentos, medicamentos, sumados a los incrementos tarifarios, deterioran fuertemente la capacidad adquisitiva de los trabajadores, as\u00ed como de jubilados y pensionados- <\/em><\/strong><\/p>\n<p><!--more--><\/p>\n<p>En los \u00faltimos d\u00edas se registr\u00f3 una suba en la cotizaci\u00f3n del d\u00f3lar y se increment\u00f3 la brecha respecto del valor oficial de la divisa. La suba del tipo de cambio oficial impacta en las importaciones, que se encarecen y producen subas en los <strong>precios internos, pero no son las \u00fanicas v\u00edas de impacto<\/strong>. Desde la Defensor\u00eda del Pueblo de la Provincia de Formosa, <strong>se afirm\u00f3 que, estos incrementos tambi\u00e9n impactan en los precios de la Canasta B\u00e1sica de Alimentos, <em>\u201cen consecuencia en los siete meses de gesti\u00f3n del actual Gobierno Nacional, la misma aument\u00f3 un 92,6% conforme datos del ISEPCI -Instituto de Investigaci\u00f3n Social Econ\u00f3mica y Pol\u00edtica Ciudadana-, para los barrios populares de Mar del Plata y Bat\u00e1n, por lo que, si sumamos el transporte, log\u00edstica y combustible, tenemos que esta cifra es mucho mayor para los consumidores de nuestra provincia\u201d. <\/em><\/strong>El Ombudsman Provincial, Dr. Jos\u00e9 Leonardo Gialluca, <strong>se\u00f1al\u00f3 que, el traspaso de la suba del d\u00f3lar a precios es una realidad que no puede ser negada y que influye negativamente en el poder adquisitivo de los trabajadores, jubilados y pensionados. <\/strong>Agreg\u00f3 el Funcionario Provincial que, la Administraci\u00f3n Nacional tiene hoy la clara decisi\u00f3n de profundizar el traslado de ingresos desde los trabajadores y la clase media hacia los sectores m\u00e1s ricos o pudientes de la Argentina con graves consecuencias para nuestra sociedad, que se ven reflejados en el crecimiento incesante de la pobreza que ha pasado del 40% a fines del 2023, al 55% en el primer semestre del corriente a\u00f1o, mientras la indigencia creci\u00f3 al 18% en junio, <strong>determinando que millones de argentinos no tengan los recursos suficientes para alimentarse adecuadamente, <em>\u201clo que representa unas 8 millones de personas en los siete meses de este gobierno\u201d.<\/em><\/strong><\/p>\n","protected":false},"excerpt":{"rendered":"<p>-Los mayores aumentos de precios en alimentos, medicamentos, sumados a los incrementos tarifarios, deterioran fuertemente la capacidad adquisitiva de los trabajadores, as\u00ed como de jubilados y pensionados-<\/p>\n","protected":false},"author":2,"featured_media":15416,"comment_status":"closed","ping_status":"closed","sticky":false,"template":"","format":"standard","meta":{"footnotes":""},"categories":[1],"tags":[],"class_list":["post-15415","post","type-post","status-publish","format-standard","has-post-thumbnail","hentry","category-noticias"],"_links":{"self":[{"href":"https:\/\/defensoriaformosa.gob.ar\/index.php?rest_route=\/wp\/v2\/posts\/15415","targetHints":{"allow":["GET"]}}],"collection":[{"href":"https:\/\/defensoriaformosa.gob.ar\/index.php?rest_route=\/wp\/v2\/posts"}],"about":[{"href":"https:\/\/defensoriaformosa.gob.ar\/index.php?rest_route=\/wp\/v2\/types\/post"}],"author":[{"embeddable":true,"href":"https:\/\/defensoriaformosa.gob.ar\/index.php?rest_route=\/wp\/v2\/users\/2"}],"replies":[{"embeddable":true,"href":"https:\/\/defensoriaformosa.gob.ar\/index.php?rest_route=%2Fwp%2Fv2%2Fcomments&post=15415"}],"version-history":[{"count":1,"href":"https:\/\/defensoriaformosa.gob.ar\/index.php?rest_route=\/wp\/v2\/posts\/15415\/revisions"}],"predecessor-version":[{"id":15417,"href":"https:\/\/defensoriaformosa.gob.ar\/index.php?rest_route=\/wp\/v2\/posts\/15415\/revisions\/15417"}],"wp:featuredmedia":[{"embeddable":true,"href":"https:\/\/defensoriaformosa.gob.ar\/index.php?rest_route=\/wp\/v2\/media\/15416"}],"wp:attachment":[{"href":"https:\/\/defensoriaformosa.gob.ar\/index.php?rest_route=%2Fwp%2Fv2%2Fmedia&parent=15415"}],"wp:term":[{"taxonomy":"category","embeddable":true,"href":"https:\/\/defensoriaformosa.gob.ar\/index.php?rest_route=%2Fwp%2Fv2%2Fcategories&post=15415"},{"taxonomy":"post_tag","embeddable":true,"href":"https:\/\/defensoriaformosa.gob.ar\/index.php?rest_route=%2Fwp%2Fv2%2Ftags&post=15415"}],"curies":[{"name":"wp","href":"https:\/\/api.w.org\/{rel}","templated":true}]}}