{"id":15412,"date":"2024-07-13T17:06:19","date_gmt":"2024-07-13T20:06:19","guid":{"rendered":"https:\/\/defensoriaformosa.gob.ar\/?p=15412"},"modified":"2024-07-13T17:06:19","modified_gmt":"2024-07-13T20:06:19","slug":"afirman-que-el-programa-de-creditos-para-electrodomesticos-eficientes-no-disminuira-el-fuerte-impacto-de-los-aumentos-energeticos","status":"publish","type":"post","link":"https:\/\/defensoriaformosa.gob.ar\/?p=15412","title":{"rendered":"AFIRMAN QUE EL PROGRAMA DE CREDITOS PARA ELECTRODOMESTICOS EFICIENTES NO DISMINUIRA EL FUERTE IMPACTO DE LOS AUMENTOS ENERGETICOS"},"content":{"rendered":"<p><strong><em>-Gialluca sostuvo que, instaremos con una <\/em><\/strong><strong><em>Tarifa Regional Diferenciada<\/em><\/strong><strong><em> para Zonas C\u00e1lidas y Electrodependientes como lo son el NEA y NOA, como tambi\u00e9n, \u201ccon el aumento de los topes de consumo, de manera tal, que exista en los hechos una equiparaci\u00f3n a los beneficios que poseen actualmente en las Provincias del Centro y Sur del Pa\u00eds\u201d.- <\/em><\/strong><\/p>\n<p><!--more--><\/p>\n<p>El Defensor del Pueblo de la Provincia de Formosa, Dr. Jos\u00e9 Leonardo Gialluca, se\u00f1al\u00f3 que, si bien se trata de un loable programa el impulsado desde la Secretaria de Energ\u00eda que permitir\u00e1 mediante l\u00edneas de cr\u00e9dito a tasas subsidiadas, comprar electrodom\u00e9sticos con etiqueta de eficiencia energ\u00e9tica A o superior, con el objetivo de reemplazar aparatos antiguos y de alto consumo por modelos m\u00e1s eficientes, permitiendo as\u00ed, una significativa reducci\u00f3n en el gasto energ\u00e9tico, <strong>\u201cel mismo no se va a traducir en una ayuda para los usuarios residenciales y comerciales, especialmente frente al contexto de las recientes y permanentes subas tarifarias\u201d<\/strong>. Las dos nuevas l\u00edneas de cr\u00e9ditos est\u00e1n destinadas a usuarios residenciales, industrias, comercios y pymes para que puedan reemplazar sus electrodom\u00e9sticos por otros m\u00e1s eficientes, implementando as\u00ed, el Gobierno Nacional, medidas para contrarrestar el impacto de los aumentos en las tarifas de luz y gas en el pa\u00eds. Se espera que estas acciones fomenten la reducci\u00f3n del consumo y eviten futuros aumentos en las tarifas. Se establecer\u00e1n esquemas de financiamiento de hasta 24 cuotas sin inter\u00e9s para operaciones de menor importe, facilitando as\u00ed el acceso a tecnolog\u00eda m\u00e1s eficiente. Se estima que las tasas de inter\u00e9s ser\u00e1n m\u00e1s bajas para los cr\u00e9ditos destinados a usuarios residenciales en comparaci\u00f3n con los otorgados a pymes e industrias. Las l\u00edneas de financiamiento formar\u00e1n parte de un convenio entre la Secretar\u00eda de Energ\u00eda y el Banco de la Naci\u00f3n Argentina, brindando la posibilidad a los interesados de solicitar el cr\u00e9dito de manera presencial o virtual en la entidad bancaria. Los usuarios residenciales tendr\u00e1n acceso a una nueva l\u00ednea de cr\u00e9dito a cinco a\u00f1os, mientras que para industrias, comercios y pymes el plazo ser\u00e1 de 10 a\u00f1os. Tambi\u00e9n se contempla que estos fondos puedan ser utilizados para llevar a cabo refacciones que mejoren la eficiencia energ\u00e9tica de los establecimientos.<\/p>\n","protected":false},"excerpt":{"rendered":"<p>-Gialluca sostuvo que, instaremos con una Tarifa Regional Diferenciada para Zonas C\u00e1lidas y Electrodependientes como lo son el NEA y NOA, como tambi\u00e9n, \u201ccon el aumento de los topes de consumo, de manera tal, que exista en los hechos una equiparaci\u00f3n a los beneficios que poseen actualmente en las Provincias del Centro y Sur del [&hellip;]<\/p>\n","protected":false},"author":2,"featured_media":15413,"comment_status":"closed","ping_status":"closed","sticky":false,"template":"","format":"standard","meta":{"footnotes":""},"categories":[1],"tags":[],"class_list":["post-15412","post","type-post","status-publish","format-standard","has-post-thumbnail","hentry","category-noticias"],"_links":{"self":[{"href":"https:\/\/defensoriaformosa.gob.ar\/index.php?rest_route=\/wp\/v2\/posts\/15412","targetHints":{"allow":["GET"]}}],"collection":[{"href":"https:\/\/defensoriaformosa.gob.ar\/index.php?rest_route=\/wp\/v2\/posts"}],"about":[{"href":"https:\/\/defensoriaformosa.gob.ar\/index.php?rest_route=\/wp\/v2\/types\/post"}],"author":[{"embeddable":true,"href":"https:\/\/defensoriaformosa.gob.ar\/index.php?rest_route=\/wp\/v2\/users\/2"}],"replies":[{"embeddable":true,"href":"https:\/\/defensoriaformosa.gob.ar\/index.php?rest_route=%2Fwp%2Fv2%2Fcomments&post=15412"}],"version-history":[{"count":1,"href":"https:\/\/defensoriaformosa.gob.ar\/index.php?rest_route=\/wp\/v2\/posts\/15412\/revisions"}],"predecessor-version":[{"id":15414,"href":"https:\/\/defensoriaformosa.gob.ar\/index.php?rest_route=\/wp\/v2\/posts\/15412\/revisions\/15414"}],"wp:featuredmedia":[{"embeddable":true,"href":"https:\/\/defensoriaformosa.gob.ar\/index.php?rest_route=\/wp\/v2\/media\/15413"}],"wp:attachment":[{"href":"https:\/\/defensoriaformosa.gob.ar\/index.php?rest_route=%2Fwp%2Fv2%2Fmedia&parent=15412"}],"wp:term":[{"taxonomy":"category","embeddable":true,"href":"https:\/\/defensoriaformosa.gob.ar\/index.php?rest_route=%2Fwp%2Fv2%2Fcategories&post=15412"},{"taxonomy":"post_tag","embeddable":true,"href":"https:\/\/defensoriaformosa.gob.ar\/index.php?rest_route=%2Fwp%2Fv2%2Ftags&post=15412"}],"curies":[{"name":"wp","href":"https:\/\/api.w.org\/{rel}","templated":true}]}}