{"id":15409,"date":"2024-07-12T17:01:36","date_gmt":"2024-07-12T20:01:36","guid":{"rendered":"https:\/\/defensoriaformosa.gob.ar\/?p=15409"},"modified":"2024-07-12T17:01:36","modified_gmt":"2024-07-12T20:01:36","slug":"el-incremento-en-los-alimentos-provoca-caida-del-consumo-y-aumento-de-la-pobreza-que-llega-al-55-de-la-poblacion","status":"publish","type":"post","link":"https:\/\/defensoriaformosa.gob.ar\/?p=15409","title":{"rendered":"EL INCREMENTO EN LOS ALIMENTOS PROVOCA CAIDA DEL CONSUMO Y AUMENTO DE LA POBREZA QUE LLEGA AL 55% DE LA POBLACION"},"content":{"rendered":"<p><strong><em>-La inflaci\u00f3n de junio fue del 4,6% en lo que va del 2024, lleg\u00f3 al 79,8% y la interanual alcanz\u00f3 al 271,5%, seg\u00fan el INDEC<\/em><\/strong><\/p>\n<p><!--more--><\/p>\n<p>Desde la &#8211;<strong>Direcci\u00f3n de Usuarios, Consumidores y Relaciones de Consumo<\/strong>&#8211; de la Defensor\u00eda del Pueblo de la Provincia de Formosa, se resalt\u00f3 la medida anunciada desde el Estado Provincial, por la cual, se anunci\u00f3 un incremento del 28% para todo el sector p\u00fablico que alcanza, adem\u00e1s, a jubilados y pensionados de la Caja de Previsi\u00f3n Social. Agregaron que, la inflaci\u00f3n acumulada en los primeros seis meses del corriente asciende aproximadamente a un 79,8%<strong> y ello se hace sentir en la p\u00e9rdida de la capacidad adquisitiva de los consumidores, agravada por los incrementos en los combustibles y en los servicios de energ\u00eda el\u00e9ctrica dispuestos desde el Gobierno Nacional. <\/strong>En este contexto, la propia C\u00e1mara Argentina de Distribuidores y Autoservicios Mayoristas (CADAM), que comprende a comercios mayoristas, supermercados, comercios de cercan\u00eda y m\u00e1s de 140 mil almacenes en todo el pa\u00eds, reclam\u00f3 medidas urgentes, <strong>\u201cfrente a la ca\u00edda significativa del consumo y una presi\u00f3n impositiva asfixiante, advirtiendo que m\u00e1s del 40% del precio de los productos de primera necesidad, est\u00e1 compuesto por impuesto y en este sentido, propusieron la eliminaci\u00f3n o reducci\u00f3n del IVA para alimentos y otros productos de la Canasta B\u00e1sica\u201d. <\/strong>El Ombudsman Provincial, Dr. Jos\u00e9 Leonardo Gialluca, se\u00f1al\u00f3 que, el Gobierno Nacional comprende a la inflaci\u00f3n solo como un problema de competencia entre productores, <strong>desconociendo la realidad del sector alimentario argentino, donde existen empresas monop\u00f3licas u oligop\u00f3licas que contin\u00faan imponiendo precios, tanto en la industrializaci\u00f3n de alimentos, como en la comercializaci\u00f3n. Mientras los consumidores creemos que elegimos marcas y as\u00ed podemos lograr una mayor capacidad adquisitiva de los ingresos, \u201cen realidad, eligiendo la primera, la segunda o la tercera marca de un producto o bien determinado, nada cambia, pues, todas ellas son de una misma empresa\u201d y lo mismo ocurre con las Cadenas de Supermercados, <em>\u201cquienes trasladan los costos laborales y de servicios a los precios de los alimentos en g\u00f3ndolas\u201d<\/em><\/strong> <strong>y esta es una consecuencia directa de un mercado liberado, donde al eliminarse la Ley de G\u00f3ndolas que ten\u00eda por objetivo poner productos de peque\u00f1os productores en los supermercados, m\u00e1s la Ley de Abastecimiento que controlaba toda la cadena de producci\u00f3n de necesidades b\u00e1sicas, estamos pagando, \u201cprecios abusivos y m\u00e1rgenes de ganancias extraordinarias\u201d, siendo que, la apertura a las importaciones, no tienen en cuenta que los alimentos de los Pa\u00edses Europeos y de los Estados Unidos, contin\u00faan fuertemente subsidiados, <em>\u201ces decir, no existe un libre mercado global y la actual pol\u00edtica econ\u00f3mica la padecen los consumidores, las pymes y los peque\u00f1os productores\u201d<\/em><\/strong>.<\/p>\n","protected":false},"excerpt":{"rendered":"<p>-La inflaci\u00f3n de junio fue del 4,6% en lo que va del 2024, lleg\u00f3 al 79,8% y la interanual alcanz\u00f3 al 271,5%, seg\u00fan el INDEC<\/p>\n","protected":false},"author":2,"featured_media":15410,"comment_status":"closed","ping_status":"closed","sticky":false,"template":"","format":"standard","meta":{"footnotes":""},"categories":[1],"tags":[],"class_list":["post-15409","post","type-post","status-publish","format-standard","has-post-thumbnail","hentry","category-noticias"],"_links":{"self":[{"href":"https:\/\/defensoriaformosa.gob.ar\/index.php?rest_route=\/wp\/v2\/posts\/15409","targetHints":{"allow":["GET"]}}],"collection":[{"href":"https:\/\/defensoriaformosa.gob.ar\/index.php?rest_route=\/wp\/v2\/posts"}],"about":[{"href":"https:\/\/defensoriaformosa.gob.ar\/index.php?rest_route=\/wp\/v2\/types\/post"}],"author":[{"embeddable":true,"href":"https:\/\/defensoriaformosa.gob.ar\/index.php?rest_route=\/wp\/v2\/users\/2"}],"replies":[{"embeddable":true,"href":"https:\/\/defensoriaformosa.gob.ar\/index.php?rest_route=%2Fwp%2Fv2%2Fcomments&post=15409"}],"version-history":[{"count":1,"href":"https:\/\/defensoriaformosa.gob.ar\/index.php?rest_route=\/wp\/v2\/posts\/15409\/revisions"}],"predecessor-version":[{"id":15411,"href":"https:\/\/defensoriaformosa.gob.ar\/index.php?rest_route=\/wp\/v2\/posts\/15409\/revisions\/15411"}],"wp:featuredmedia":[{"embeddable":true,"href":"https:\/\/defensoriaformosa.gob.ar\/index.php?rest_route=\/wp\/v2\/media\/15410"}],"wp:attachment":[{"href":"https:\/\/defensoriaformosa.gob.ar\/index.php?rest_route=%2Fwp%2Fv2%2Fmedia&parent=15409"}],"wp:term":[{"taxonomy":"category","embeddable":true,"href":"https:\/\/defensoriaformosa.gob.ar\/index.php?rest_route=%2Fwp%2Fv2%2Fcategories&post=15409"},{"taxonomy":"post_tag","embeddable":true,"href":"https:\/\/defensoriaformosa.gob.ar\/index.php?rest_route=%2Fwp%2Fv2%2Ftags&post=15409"}],"curies":[{"name":"wp","href":"https:\/\/api.w.org\/{rel}","templated":true}]}}