{"id":15405,"date":"2024-07-11T21:40:49","date_gmt":"2024-07-12T00:40:49","guid":{"rendered":"https:\/\/defensoriaformosa.gob.ar\/?p=15405"},"modified":"2024-07-11T21:40:49","modified_gmt":"2024-07-12T00:40:49","slug":"instan-al-gobierno-nacional-a-asegurar-los-programas-y-servicios-destinados-a-prevenir-y-abordar-la-violencia-de-genero","status":"publish","type":"post","link":"https:\/\/defensoriaformosa.gob.ar\/?p=15405","title":{"rendered":"INSTAN AL GOBIERNO NACIONAL A ASEGURAR LOS PROGRAMAS Y SERVICIOS DESTINADOS A PREVENIR Y ABORDAR LA VIOLENCIA DE GENERO"},"content":{"rendered":"<p><strong><em>-La Asociaci\u00f3n de Defensores del Pueblo de la Rep\u00fablica Argentina (ADPRA), solicit\u00f3 al Gobierno Nacional de Javier Milei en cumplimiento de las leyes nacionales y tratados internacionales, \u201creconsiderar decisiones que implican un grave retroceso en las pol\u00edticas p\u00fablicas de protecci\u00f3n de los derechos de las mujeres y las diversidades\u201d-<\/em><\/strong><\/p>\n<p><!--more--><\/p>\n<p>La Comisi\u00f3n Directiva de ADPRA, integrada por su Presidenta Dra. Mar\u00eda Rosa Mui\u00f1os, Defensora del Pueblo de CABA, Enrique Pochat, Vicepresidente I, Jos\u00e9 Leonardo Gialluca Defensor del Pueblo de Formosa Vicepresidente II, Claudia Bard Defensora del Pueblo de Chubut Vicepresidenta III, Bernardo Voloj Defensor del Pueblo de la Provincia de Chaco Secretario, <strong>denunciaron el retroceso<\/strong><\/p>\n<p><strong>en las pol\u00edticas p\u00fablicas en materia de protecci\u00f3n de los derechos de las mujeres y las diversidades con las sucesivas decisiones que vienen tomando las autoridades nacionales, tales como el cierre de las dependencias ministeriales y la reducci\u00f3n de la planta de personal especializado<\/strong>. Agregaron que, nuestra Constituci\u00f3n Nacional establece, en su Art\u00edculo 16, el Principio de Igualdad, el cual, en sinton\u00eda con la adopci\u00f3n de los Convenios Internacionales en materia de Derechos Humanos, han demandado la necesidad de repensar la legislaci\u00f3n y las pol\u00edticas para prevenir y erradicar la violencia contra las mujeres. <strong>Asimismo, nuestra Constituci\u00f3n Nacional hace referencia, en el Art\u00edculo 75 p\u00e1rrafo 23, al principio de igualdad real de oportunidades y de trato, que enfoca la mirada en la necesidad de realizar acciones positivas que garanticen los derechos de las mujeres, de las personas con discapacidad, de las personas mayores y de los ni\u00f1as, ni\u00f1os y adolescentes<\/strong>. En ese sentido, ADPRA advierti\u00f3 que las medidas tomadas ponen en riesgo el cumplimiento de las obligaciones internacionales asumidas por el Estado Nacional en la Convenci\u00f3n sobre la Eliminaci\u00f3n de Todas las Formas de Discriminaci\u00f3n contra la Mujer (CEDAW) y en la Convenci\u00f3n Interamericana para Prevenir, Sancionar y Erradicar la Violencia contra la Mujer (Convenci\u00f3n de Belem do Par\u00e1), que prev\u00e9n la obligaci\u00f3n de los Estados miembros de presentar informes sobre las medidas legales y administrativas adoptadas para cumplir sus compromisos convencionales, a saber, las pol\u00edticas de prevenci\u00f3n y erradicaci\u00f3n de la violencia contra las mujeres; de asistencia hacia las mujeres afectadas por la violencia, as\u00ed como las dificultades que observan en la aplicaci\u00f3n de estas medidas y los factores que contribuyen a la misma.<\/p>\n","protected":false},"excerpt":{"rendered":"<p>-La Asociaci\u00f3n de Defensores del Pueblo de la Rep\u00fablica Argentina (ADPRA), solicit\u00f3 al Gobierno Nacional de Javier Milei en cumplimiento de las leyes nacionales y tratados internacionales, \u201creconsiderar decisiones que implican un grave retroceso en las pol\u00edticas p\u00fablicas de protecci\u00f3n de los derechos de las mujeres y las diversidades\u201d-<\/p>\n","protected":false},"author":2,"featured_media":15406,"comment_status":"closed","ping_status":"closed","sticky":false,"template":"","format":"standard","meta":{"footnotes":""},"categories":[1],"tags":[],"class_list":["post-15405","post","type-post","status-publish","format-standard","has-post-thumbnail","hentry","category-noticias"],"_links":{"self":[{"href":"https:\/\/defensoriaformosa.gob.ar\/index.php?rest_route=\/wp\/v2\/posts\/15405","targetHints":{"allow":["GET"]}}],"collection":[{"href":"https:\/\/defensoriaformosa.gob.ar\/index.php?rest_route=\/wp\/v2\/posts"}],"about":[{"href":"https:\/\/defensoriaformosa.gob.ar\/index.php?rest_route=\/wp\/v2\/types\/post"}],"author":[{"embeddable":true,"href":"https:\/\/defensoriaformosa.gob.ar\/index.php?rest_route=\/wp\/v2\/users\/2"}],"replies":[{"embeddable":true,"href":"https:\/\/defensoriaformosa.gob.ar\/index.php?rest_route=%2Fwp%2Fv2%2Fcomments&post=15405"}],"version-history":[{"count":1,"href":"https:\/\/defensoriaformosa.gob.ar\/index.php?rest_route=\/wp\/v2\/posts\/15405\/revisions"}],"predecessor-version":[{"id":15407,"href":"https:\/\/defensoriaformosa.gob.ar\/index.php?rest_route=\/wp\/v2\/posts\/15405\/revisions\/15407"}],"wp:featuredmedia":[{"embeddable":true,"href":"https:\/\/defensoriaformosa.gob.ar\/index.php?rest_route=\/wp\/v2\/media\/15406"}],"wp:attachment":[{"href":"https:\/\/defensoriaformosa.gob.ar\/index.php?rest_route=%2Fwp%2Fv2%2Fmedia&parent=15405"}],"wp:term":[{"taxonomy":"category","embeddable":true,"href":"https:\/\/defensoriaformosa.gob.ar\/index.php?rest_route=%2Fwp%2Fv2%2Fcategories&post=15405"},{"taxonomy":"post_tag","embeddable":true,"href":"https:\/\/defensoriaformosa.gob.ar\/index.php?rest_route=%2Fwp%2Fv2%2Ftags&post=15405"}],"curies":[{"name":"wp","href":"https:\/\/api.w.org\/{rel}","templated":true}]}}