{"id":15402,"date":"2024-07-10T20:18:04","date_gmt":"2024-07-10T23:18:04","guid":{"rendered":"https:\/\/defensoriaformosa.gob.ar\/?p=15402"},"modified":"2024-07-10T20:18:04","modified_gmt":"2024-07-10T23:18:04","slug":"anuncian-nuevos-aumentos-en-el-gas-envasado-y-una-gran-variacion-de-precios","status":"publish","type":"post","link":"https:\/\/defensoriaformosa.gob.ar\/?p=15402","title":{"rendered":"ANUNCIAN NUEVOS AUMENTOS EN EL GAS ENVASADO Y UNA GRAN VARIACION DE PRECIOS"},"content":{"rendered":"<p><strong><em>-Se solicit\u00f3 al Ministerio de Econom\u00eda y a la Secretaria de Energ\u00eda de Naci\u00f3n, el retorno del \u201cPrograma Hogar\u201d que se encuentra suspendido, mediante el cual, las familias de menores recursos recib\u00edan un subsidio mensual que cubr\u00eda el 80% del precio de una garrafa de 10 kg, requiri\u00e9ndose que miles de personas se inscribieran a trav\u00e9s del ANSES en su momento, por lo que, se exigi\u00f3 tambi\u00e9n, \u201cel pago de las sumas adeudadas desde diciembre del 2023 hasta la fecha\u201d-<!--more--><\/em><\/strong><\/p>\n<p>A la desregulaci\u00f3n del gas envasado, <strong>la quita de subsidios, junto a la suspensi\u00f3n hasta la fecha del Programa Hogar que beneficiaba a miles de personas a trav\u00e9s del ANSES y que ha sido neutralizado por el Gobierno Nacional, se le suman nuevos incrementos que llegan en la \u00e9poca de mayor demanda por los fr\u00edos que se producen durante los meses de este a\u00f1o, siendo los sectores m\u00e1s perjudicados, como siempre, los m\u00e1s vulnerables y en las Provincias, las del Norte que no poseen red domiciliaria de gas natural. <\/strong>El Ombudsman Provincial, Dr. Jos\u00e9 Leonardo Gialluca, record\u00f3 que, desde fines del 2023 no existen m\u00e1s precios de referencia para el gas envasado, como s\u00ed ocurr\u00eda anteriormente, estableci\u00e9ndose un monto m\u00e1ximo que las empresas deb\u00edan cobrar en sus centros de distribuci\u00f3n. <strong>Con la actual desregulaci\u00f3n, la Secretaria de Energ\u00eda solo pide que se aplique la Ley de Defensa al Consumidor que no tiene injerencia en los precios y por ello, <u>tenemos nuevos y permanentes incrementos en los valores, as\u00ed como una gran dispersi\u00f3n de costos que deben pagar los consumidores<\/u>. <\/strong>En nuestro mercado local, desde el d\u00eda de la fecha, los tubos de gas se ofrecen a: * <strong>Refsa<\/strong>: 10 kg $8.000, delivery $8.500; 15 kg $12.750; 45 kg $48.000. * <strong>Amalia Gas<\/strong>: 10 kg $9.000, delivery $11.000; 45 kg $49.000, delivery $49.000. * <strong>Lezcano Gas<\/strong>: 10 kg $9.000, delivery $11.000; 15 kg $13.500, delivery $13.500; 45 kg solo delivery $48.000. Se sugiri\u00f3 a los vecinos, adquirir estos productos en la Empresa Refsa Gas, que posee una atenci\u00f3n de lunes a lunes en horarios de 8:00 a 20:00 horas en el Parque Industrial, como as\u00ed tambi\u00e9n, en los diferentes puntos del Programa Soberan\u00eda Alimentaria, <strong>donde se venden a un precio especial de $7.500 la garrafa de 10 kg, la cual, tambi\u00e9n es distribuida con normalidad hacia todas las Localidades del Interior de nuestra Provincia<\/strong>.<\/p>\n","protected":false},"excerpt":{"rendered":"<p>-Se solicit\u00f3 al Ministerio de Econom\u00eda y a la Secretaria de Energ\u00eda de Naci\u00f3n, el retorno del \u201cPrograma Hogar\u201d que se encuentra suspendido, mediante el cual, las familias de menores recursos recib\u00edan un subsidio mensual que cubr\u00eda el 80% del precio de una garrafa de 10 kg, requiri\u00e9ndose que miles de personas se inscribieran a [&hellip;]<\/p>\n","protected":false},"author":2,"featured_media":15403,"comment_status":"closed","ping_status":"closed","sticky":false,"template":"","format":"standard","meta":{"footnotes":""},"categories":[1],"tags":[],"class_list":["post-15402","post","type-post","status-publish","format-standard","has-post-thumbnail","hentry","category-noticias"],"_links":{"self":[{"href":"https:\/\/defensoriaformosa.gob.ar\/index.php?rest_route=\/wp\/v2\/posts\/15402","targetHints":{"allow":["GET"]}}],"collection":[{"href":"https:\/\/defensoriaformosa.gob.ar\/index.php?rest_route=\/wp\/v2\/posts"}],"about":[{"href":"https:\/\/defensoriaformosa.gob.ar\/index.php?rest_route=\/wp\/v2\/types\/post"}],"author":[{"embeddable":true,"href":"https:\/\/defensoriaformosa.gob.ar\/index.php?rest_route=\/wp\/v2\/users\/2"}],"replies":[{"embeddable":true,"href":"https:\/\/defensoriaformosa.gob.ar\/index.php?rest_route=%2Fwp%2Fv2%2Fcomments&post=15402"}],"version-history":[{"count":1,"href":"https:\/\/defensoriaformosa.gob.ar\/index.php?rest_route=\/wp\/v2\/posts\/15402\/revisions"}],"predecessor-version":[{"id":15404,"href":"https:\/\/defensoriaformosa.gob.ar\/index.php?rest_route=\/wp\/v2\/posts\/15402\/revisions\/15404"}],"wp:featuredmedia":[{"embeddable":true,"href":"https:\/\/defensoriaformosa.gob.ar\/index.php?rest_route=\/wp\/v2\/media\/15403"}],"wp:attachment":[{"href":"https:\/\/defensoriaformosa.gob.ar\/index.php?rest_route=%2Fwp%2Fv2%2Fmedia&parent=15402"}],"wp:term":[{"taxonomy":"category","embeddable":true,"href":"https:\/\/defensoriaformosa.gob.ar\/index.php?rest_route=%2Fwp%2Fv2%2Fcategories&post=15402"},{"taxonomy":"post_tag","embeddable":true,"href":"https:\/\/defensoriaformosa.gob.ar\/index.php?rest_route=%2Fwp%2Fv2%2Ftags&post=15402"}],"curies":[{"name":"wp","href":"https:\/\/api.w.org\/{rel}","templated":true}]}}