{"id":15387,"date":"2024-07-04T18:22:07","date_gmt":"2024-07-04T21:22:07","guid":{"rendered":"https:\/\/defensoriaformosa.gob.ar\/?p=15387"},"modified":"2024-07-04T18:22:07","modified_gmt":"2024-07-04T21:22:07","slug":"se-obtuvo-vivienda-en-comodato-a-favor-de-nina-de-once-anos-con-trasplante-renal","status":"publish","type":"post","link":"https:\/\/defensoriaformosa.gob.ar\/?p=15387","title":{"rendered":"SE OBTUVO VIVIENDA EN COMODATO A FAVOR DE NI\u00d1A DE ONCE A\u00d1OS CON TRASPLANTE RENAL"},"content":{"rendered":"<p>Desde la &#8211;<strong>Direcci\u00f3n de Derechos Humanos y Grupos Minoritarios<\/strong>&#8211; de la Defensor\u00eda del Pueblo de la Provincia de Formosa, <strong>se pudo obtener una respuesta favorable a favor del ciudadano P.L.R., quien vive en el Barrio Villa del Carmen de nuestra ciudad y es padre de una ni\u00f1a de 11 a\u00f1os N.M.P., la cual recibi\u00f3 un trasplante renal con donante cadav\u00e9rico en el a\u00f1o 2022, por presentar la misma una enfermedad renal cr\u00f3nica. <\/strong>La misma fue atendida en su momento en el Hospital Garrahan y de regreso a nuestra provincia, trat\u00e1ndose de una paciente inmunocomprometida, por lo que, su sistema inmunol\u00f3gico se encuentra debilitado, no contando con las defensas necesarias para luchar contra los microorganismos, teniendo mayores riesgos de contraer infecciones por virus, bacterias, hongos o par\u00e1sitos, <strong>raz\u00f3n por la que debe vivir en un lugar que re\u00fana caracter\u00edsticas b\u00e1sicas habitables, su progenitor con el acompa\u00f1amiento y asesoramiento del Organismo de la Constituci\u00f3n, iniciaron diversos tr\u00e1mites, que culminaron con la -Cesi\u00f3n en Comodato- de una vivienda del I.P.V., a cargo del Administrador General, Ing. Marcelo Ugelli, logr\u00e1ndose de esta manera, <em>\u201casegurar desde el Estado Provincial, un lugar donde la menor pueda de ahora en adelante junto a su familia, sobrellevar con menos peligros su vida cotidiana\u201d<\/em><\/strong>.<\/p>\n","protected":false},"excerpt":{"rendered":"<p>Desde la &#8211;Direcci\u00f3n de Derechos Humanos y Grupos Minoritarios&#8211; de la Defensor\u00eda del Pueblo de la Provincia de Formosa, se pudo obtener una respuesta favorable a favor del ciudadano P.L.R., quien vive en el Barrio Villa del Carmen de nuestra ciudad y es padre de una ni\u00f1a de 11 a\u00f1os N.M.P., la cual recibi\u00f3 un [&hellip;]<\/p>\n","protected":false},"author":2,"featured_media":15388,"comment_status":"closed","ping_status":"closed","sticky":false,"template":"","format":"standard","meta":{"footnotes":""},"categories":[1],"tags":[],"class_list":["post-15387","post","type-post","status-publish","format-standard","has-post-thumbnail","hentry","category-noticias"],"_links":{"self":[{"href":"https:\/\/defensoriaformosa.gob.ar\/index.php?rest_route=\/wp\/v2\/posts\/15387","targetHints":{"allow":["GET"]}}],"collection":[{"href":"https:\/\/defensoriaformosa.gob.ar\/index.php?rest_route=\/wp\/v2\/posts"}],"about":[{"href":"https:\/\/defensoriaformosa.gob.ar\/index.php?rest_route=\/wp\/v2\/types\/post"}],"author":[{"embeddable":true,"href":"https:\/\/defensoriaformosa.gob.ar\/index.php?rest_route=\/wp\/v2\/users\/2"}],"replies":[{"embeddable":true,"href":"https:\/\/defensoriaformosa.gob.ar\/index.php?rest_route=%2Fwp%2Fv2%2Fcomments&post=15387"}],"version-history":[{"count":1,"href":"https:\/\/defensoriaformosa.gob.ar\/index.php?rest_route=\/wp\/v2\/posts\/15387\/revisions"}],"predecessor-version":[{"id":15389,"href":"https:\/\/defensoriaformosa.gob.ar\/index.php?rest_route=\/wp\/v2\/posts\/15387\/revisions\/15389"}],"wp:featuredmedia":[{"embeddable":true,"href":"https:\/\/defensoriaformosa.gob.ar\/index.php?rest_route=\/wp\/v2\/media\/15388"}],"wp:attachment":[{"href":"https:\/\/defensoriaformosa.gob.ar\/index.php?rest_route=%2Fwp%2Fv2%2Fmedia&parent=15387"}],"wp:term":[{"taxonomy":"category","embeddable":true,"href":"https:\/\/defensoriaformosa.gob.ar\/index.php?rest_route=%2Fwp%2Fv2%2Fcategories&post=15387"},{"taxonomy":"post_tag","embeddable":true,"href":"https:\/\/defensoriaformosa.gob.ar\/index.php?rest_route=%2Fwp%2Fv2%2Ftags&post=15387"}],"curies":[{"name":"wp","href":"https:\/\/api.w.org\/{rel}","templated":true}]}}