{"id":15377,"date":"2024-06-29T16:37:09","date_gmt":"2024-06-29T19:37:09","guid":{"rendered":"https:\/\/defensoriaformosa.gob.ar\/?p=15377"},"modified":"2024-06-30T19:42:32","modified_gmt":"2024-06-30T22:42:32","slug":"quedan-solo-39-dias-para-inscribirse-en-el-rase-y-disminuir-los-incrementos-en-las-facturas-de-energia-electrica","status":"publish","type":"post","link":"https:\/\/defensoriaformosa.gob.ar\/?p=15377","title":{"rendered":"QUEDAN SOLO 39 DIAS PARA INSCRIBIRSE EN EL RASE Y DISMINUIR LOS INCREMENTOS EN LAS FACTURAS DE ENERGIA ELECTRICA"},"content":{"rendered":"<p><strong><em>-En los \u00faltimos d\u00edas, se recibieron numerosas consultas sobre el Plan de Recategorizaci\u00f3n de Usuarios Residenciales, por ello, se puso a disposici\u00f3n de la Comunidad, personal espec\u00edfico para asesorar en este tr\u00e1mite, <u>Gialluca adelant\u00f3 que, atender\u00e1n en horario corrido de 8:00 a 20:00 horas a los interesados, quienes deber\u00e1n concurrir a la Sede del Organismo con: * factura de servicio de REFSA, * DNI, * Datos de ingresos del grupo familiar, * Correo electr\u00f3nico, * N\u00famero de celular, * Si ya est\u00e1 inscripto n\u00famero de gesti\u00f3n<\/u>. El 4 de agosto pr\u00f3ximo vence el plazo impuesto por Naci\u00f3n, los que no posean los requisitos antes citados, les ser\u00e1n tramitados por la Instituci\u00f3n-<\/em><\/strong><\/p>\n<p><!--more--><\/p>\n<p>El Defensor del Pueblo de la Provincia de Formosa, Dr. Jos\u00e9 Leonardo Gialluca, se\u00f1al\u00f3 que, habiendo implementado el Gobierno Nacional a trav\u00e9s de la Secretaria de Energ\u00eda, <strong>nuevas regulaciones sobre los costos de la energ\u00eda el\u00e9ctrica que ya est\u00e1n impactando en usuarios residenciales, comerciales, PyMEs e industrias de todo el pa\u00eds y que han sido publicadas en el Bolet\u00edn Oficial, que se traducen luego en facturas que son de dif\u00edcil pago para todos los sectores antes citados, <em>\u201c<u>se hace imprescindible que los usuarios que no se hayan inscripto en el RASE (Registro de Acceso a los Subsidios a la Energ\u00eda), lo hagan de manera inmediata a trav\u00e9s del link <\/u><\/em><\/strong><a href=\"http:\/\/www.argentina.gob.ar\/subsidios\"><strong><em>www.argentina.gob.ar\/subsidios<\/em><\/strong><\/a><strong><em><u>, pues est\u00e1 corriendo el plazo de 60 d\u00edas que se inici\u00f3 el 1 de junio del 2024, caso contrario, pasar\u00e1n a pagar una tarifa plena, que obviamente es mucho m\u00e1s elevada<\/u><\/em><\/strong><strong><em>\u201d. <\/em><\/strong>A\u00f1adi\u00f3 que, se debe tener en cuenta que, todos los usuarios previamente registrados en el RASE, no necesitan inscribirse, <strong>\u201cpero aqu\u00ed tambi\u00e9n es necesario conocer el art. 8\u00ba de la Resoluci\u00f3n N\u00ba 90\/24 de la Secretaria de Energ\u00eda que establece que, aquellos usuarios que hayan quedado incluidos en el RASE en virtud de la Disposici\u00f3n N\u00ba 3 de fecha 1 de septiembre del 2022 de la ex Subsecretaria de Planeamiento Energ\u00e9tico o de la Resoluci\u00f3n N\u00ba 631 de fecha 30 de agosto del 2022 de la Secretaria de Energ\u00eda, deber\u00e1n inscribirse en forma individual, dentro de un plazo de 60 d\u00edas corridos, cumplido el mismo, el beneficio caducar\u00e1 respecto de los usuarios que no hubieran completado la presentaci\u00f3n individual\u201d; <u>por lo que, los usuarios del -Subsidio Esfuerzo Formose\u00f1o- que ascienden a unas 65.000 familias que reciben un beneficio proveniente del Tesoro Provincial, tambi\u00e9n est\u00e1n obligados a inscribirse a trav\u00e9s del link <\/u><\/strong><a href=\"http:\/\/www.argentina.gob.ar\/subsidios\"><strong>www.argentina.gob.ar\/subsidios<\/strong><\/a><strong><u>.<\/u><\/strong> Desde el Organismo de la Constituci\u00f3n, consideramos a esta exigencia, como un desconocimiento a los trabajos territoriales realizados en las distintas provincias argentinas y al exigirse que la inscripci\u00f3n sea personal, <strong><em>\u201cnos encontramos con que la p\u00e1gina de la Secretaria de Energ\u00eda siempre est\u00e1 ca\u00edda y no permite las registraciones a las personas\u201d<\/em><\/strong>, origin\u00e1ndoles graves perjuicios actuales y a futuro, como as\u00ed tambi\u00e9n, a las entidades de bien p\u00fablico, clubes de barrio u organizaciones sin fines de lucro que para proseguir dentro del Nivel 2 de ingresos bajos, se los somete a estas exigencias que desde el Gobierno Central, <strong>conocen que no podr\u00e1n cumplirse y en consecuencia los llevan directamente a ubicarlos en el Nivel 1 de usuarios de ingresos altos, lo que a nuestro parecer significa lo mismo que, <em>\u201celiminar directamente todo tipo de subsidio a la energ\u00eda el\u00e9ctrica, tal cual se hizo con el transporte p\u00fablico de pasajeros en el interior del pa\u00eds, dejando a millones de personas con costos o valores que no pueden ser afrontados por salarios que han perdido capacidad adquisitiva por las medidas econ\u00f3micas implementadas y que se sostienen actualmente\u201d.<\/em><\/strong><\/p>\n","protected":false},"excerpt":{"rendered":"<p>-En los \u00faltimos d\u00edas, se recibieron numerosas consultas sobre el Plan de Recategorizaci\u00f3n de Usuarios Residenciales, por ello, se puso a disposici\u00f3n de la Comunidad, personal espec\u00edfico para asesorar en este tr\u00e1mite, Gialluca adelant\u00f3 que, atender\u00e1n en horario corrido de 8:00 a 20:00 horas a los interesados, quienes deber\u00e1n concurrir a la Sede del Organismo [&hellip;]<\/p>\n","protected":false},"author":2,"featured_media":15378,"comment_status":"closed","ping_status":"closed","sticky":false,"template":"","format":"standard","meta":{"footnotes":""},"categories":[1],"tags":[],"class_list":["post-15377","post","type-post","status-publish","format-standard","has-post-thumbnail","hentry","category-noticias"],"_links":{"self":[{"href":"https:\/\/defensoriaformosa.gob.ar\/index.php?rest_route=\/wp\/v2\/posts\/15377","targetHints":{"allow":["GET"]}}],"collection":[{"href":"https:\/\/defensoriaformosa.gob.ar\/index.php?rest_route=\/wp\/v2\/posts"}],"about":[{"href":"https:\/\/defensoriaformosa.gob.ar\/index.php?rest_route=\/wp\/v2\/types\/post"}],"author":[{"embeddable":true,"href":"https:\/\/defensoriaformosa.gob.ar\/index.php?rest_route=\/wp\/v2\/users\/2"}],"replies":[{"embeddable":true,"href":"https:\/\/defensoriaformosa.gob.ar\/index.php?rest_route=%2Fwp%2Fv2%2Fcomments&post=15377"}],"version-history":[{"count":1,"href":"https:\/\/defensoriaformosa.gob.ar\/index.php?rest_route=\/wp\/v2\/posts\/15377\/revisions"}],"predecessor-version":[{"id":15379,"href":"https:\/\/defensoriaformosa.gob.ar\/index.php?rest_route=\/wp\/v2\/posts\/15377\/revisions\/15379"}],"wp:featuredmedia":[{"embeddable":true,"href":"https:\/\/defensoriaformosa.gob.ar\/index.php?rest_route=\/wp\/v2\/media\/15378"}],"wp:attachment":[{"href":"https:\/\/defensoriaformosa.gob.ar\/index.php?rest_route=%2Fwp%2Fv2%2Fmedia&parent=15377"}],"wp:term":[{"taxonomy":"category","embeddable":true,"href":"https:\/\/defensoriaformosa.gob.ar\/index.php?rest_route=%2Fwp%2Fv2%2Fcategories&post=15377"},{"taxonomy":"post_tag","embeddable":true,"href":"https:\/\/defensoriaformosa.gob.ar\/index.php?rest_route=%2Fwp%2Fv2%2Ftags&post=15377"}],"curies":[{"name":"wp","href":"https:\/\/api.w.org\/{rel}","templated":true}]}}