{"id":15371,"date":"2024-06-25T20:36:10","date_gmt":"2024-06-25T23:36:10","guid":{"rendered":"https:\/\/defensoriaformosa.gob.ar\/?p=15371"},"modified":"2024-06-25T20:36:10","modified_gmt":"2024-06-25T23:36:10","slug":"informo-el-indec-que-la-desocupacion-crecio-al-77-y-hay-17-millones-de-personas-sin-empleo-en-argentina","status":"publish","type":"post","link":"https:\/\/defensoriaformosa.gob.ar\/?p=15371","title":{"rendered":"INFORMO EL INDEC QUE LA DESOCUPACION CRECIO AL 7,7% Y HAY 1,7 MILLONES DE PERSONAS SIN EMPLEO EN ARGENTINA"},"content":{"rendered":"<p><strong><em>-La desocupaci\u00f3n pas\u00f3 del 5,7% al 7,7% entre el \u00faltimo trimestre del 2023 y el primer trimestre del 2024, siendo los j\u00f3venes de hasta 29 a\u00f1os los m\u00e1s afectados, en particular las mujeres conforme a datos del INDEC, todo est\u00e1 produciendo una fuerte ca\u00edda en la producci\u00f3n, menos consumo de alimentos, en los supermercados las ventas cayeron un 18% y 21% en los centros mayoristas, \u201cpor lo que la desaceleraci\u00f3n de los precios se explica en gran parte por la recesi\u00f3n econ\u00f3mica que vive el pa\u00eds, donde los beneficiarios son \u00fanicamente determinados sectores empresariales, como ha quedado demostrado mediante la Resoluci\u00f3n N\u00ba 1926\/24, por el cual, las empresas de medicina, como las obras sociales, fueron autorizadas a incrementar los coseguros y cuotas sin l\u00edmites, dejando sin acceso a la salud a millones de personas, entre las que se encuentran discapacitados, enfermos cr\u00f3nicos que son v\u00edctimas de esta desregulaci\u00f3n en el tema salud, abierto con el DNU N\u00ba 70\/23\u201d-<\/em><\/strong><\/p>\n<p><!--more--><\/p>\n<p>Desde la Defensor\u00eda del Pueblo de la Provincia de Formosa, se\u00f1alaron que, la mayor tasa de desocupaci\u00f3n se detect\u00f3 en el Gran Buenos Aires y en la Regi\u00f3n Pampeana, con un 9% y 6,8% respectivamente, destac\u00e1ndose que la regi\u00f3n con menor tasa de desocupaci\u00f3n es la de Cuyo con un 4,5%. El Ombudsman Provincial, Dr. Jos\u00e9 Leonardo Gialluca, record\u00f3 que, Argentina viene atravesando dos grandes crisis laborales, una es la relacionada con la gesti\u00f3n de la Presidencia de Mauricio Macri y la otra durante la pandemia del coronavirus, <strong>\u201cpero advirti\u00f3 que esta tendencia que se hab\u00eda modificado ha empeorado significativamente en los \u00faltimos 4 meses y conforme a una encuesta publicada por el INDEC, la realidad en materia laboral es muy preocupante y a ella se le suma un esquema creciente de despidos en el sector p\u00fablico, que obviamente no son absorbidos por el privado como lo se\u00f1alan desde el Gobierno Nacional\u201d. <\/strong>Entre los sectores m\u00e1s afectados se encuentran los de la construcci\u00f3n debido al freno de la obra p\u00fablica y el comercio y la industria por la baja en el consumo, sumado a la p\u00e9rdida de la capacidad adquisitiva de los asalariados. <strong>Hasta marzo, se perdieron casi 100 mil puestos de trabajo y a partir de abril se sumaron 27 mil m\u00e1s, lo que totaliza m\u00e1s de 120 mil empleos registrados perdidos desde el inicio del nuevo Gobierno Nacional.<\/strong> En este contexto, el INDEC estim\u00f3 que, 1,7 millones de personas se encuentran desocupadas actualmente, <strong>lo que implicar\u00eda unos 525 mil desocupados m\u00e1s en tan solo 3 meses<\/strong>. Dentro de la poblaci\u00f3n ocupada, un 44,3% se destaca que el 74,7% son asalariados, pero el 35,7% no cuenta con descuentos jubilatorios, por otro lado, el 21,9% es cuentapropista, el 3,2% son patrones y el 0,3% son trabajadores familiares sin remuneraci\u00f3n.<\/p>\n","protected":false},"excerpt":{"rendered":"<p>-La desocupaci\u00f3n pas\u00f3 del 5,7% al 7,7% entre el \u00faltimo trimestre del 2023 y el primer trimestre del 2024, siendo los j\u00f3venes de hasta 29 a\u00f1os los m\u00e1s afectados, en particular las mujeres conforme a datos del INDEC, todo est\u00e1 produciendo una fuerte ca\u00edda en la producci\u00f3n, menos consumo de alimentos, en los supermercados las [&hellip;]<\/p>\n","protected":false},"author":2,"featured_media":15372,"comment_status":"closed","ping_status":"closed","sticky":false,"template":"","format":"standard","meta":{"footnotes":""},"categories":[1],"tags":[],"class_list":["post-15371","post","type-post","status-publish","format-standard","has-post-thumbnail","hentry","category-noticias"],"_links":{"self":[{"href":"https:\/\/defensoriaformosa.gob.ar\/index.php?rest_route=\/wp\/v2\/posts\/15371","targetHints":{"allow":["GET"]}}],"collection":[{"href":"https:\/\/defensoriaformosa.gob.ar\/index.php?rest_route=\/wp\/v2\/posts"}],"about":[{"href":"https:\/\/defensoriaformosa.gob.ar\/index.php?rest_route=\/wp\/v2\/types\/post"}],"author":[{"embeddable":true,"href":"https:\/\/defensoriaformosa.gob.ar\/index.php?rest_route=\/wp\/v2\/users\/2"}],"replies":[{"embeddable":true,"href":"https:\/\/defensoriaformosa.gob.ar\/index.php?rest_route=%2Fwp%2Fv2%2Fcomments&post=15371"}],"version-history":[{"count":1,"href":"https:\/\/defensoriaformosa.gob.ar\/index.php?rest_route=\/wp\/v2\/posts\/15371\/revisions"}],"predecessor-version":[{"id":15373,"href":"https:\/\/defensoriaformosa.gob.ar\/index.php?rest_route=\/wp\/v2\/posts\/15371\/revisions\/15373"}],"wp:featuredmedia":[{"embeddable":true,"href":"https:\/\/defensoriaformosa.gob.ar\/index.php?rest_route=\/wp\/v2\/media\/15372"}],"wp:attachment":[{"href":"https:\/\/defensoriaformosa.gob.ar\/index.php?rest_route=%2Fwp%2Fv2%2Fmedia&parent=15371"}],"wp:term":[{"taxonomy":"category","embeddable":true,"href":"https:\/\/defensoriaformosa.gob.ar\/index.php?rest_route=%2Fwp%2Fv2%2Fcategories&post=15371"},{"taxonomy":"post_tag","embeddable":true,"href":"https:\/\/defensoriaformosa.gob.ar\/index.php?rest_route=%2Fwp%2Fv2%2Ftags&post=15371"}],"curies":[{"name":"wp","href":"https:\/\/api.w.org\/{rel}","templated":true}]}}