{"id":15367,"date":"2024-06-24T18:05:13","date_gmt":"2024-06-24T21:05:13","guid":{"rendered":"https:\/\/defensoriaformosa.gob.ar\/?p=15367"},"modified":"2024-06-24T18:05:13","modified_gmt":"2024-06-24T21:05:13","slug":"indico-la-defensoria-que-se-esta-produciendo-una-gran-distorsion-de-los-precios-de-la-energia-electrica-entre-las-provincias-argentinas","status":"publish","type":"post","link":"https:\/\/defensoriaformosa.gob.ar\/?p=15367","title":{"rendered":"INDICO LA DEFENSORIA QUE SE ESTA PRODUCIENDO UNA GRAN DISTORSION DE LOS PRECIOS DE LA ENERGIA ELECTRICA ENTRE LAS PROVINCIAS ARGENTINAS"},"content":{"rendered":"<p><strong>ESTO SE AGRAVA, PUES EL GOBIERNO NACIONAL QUIERE ESTABLECER LOS AUMENTOS DE TARIFAS SEG\u00daN PROYECCIONES DE INFLACION PARA LO QUE RESTA DEL A\u00d1O, \u201cPERO NO TIENE EN CUENTA LA INFLACION QUE YA TUVIMOS HASTA AHORA, LO CUAL GENERA MAS DISTORSIONES\u201d<\/strong><\/p>\n<p><!--more--><\/p>\n<p><strong><em>-Gialluca denunci\u00f3 que, la eliminaci\u00f3n de subsidios por parte del Gobierno Nacional, forma parte del actual ajuste fiscal que tiene por objetivo trasladar progresivamente los precios reales de la energ\u00eda (sin subsidio) a los usuarios finales y donde los precios se ajustar\u00e1n de acuerdo a los costos de producci\u00f3n, transporte y distribuci\u00f3n, \u201csiendo este \u00faltimo el que marca algunas diferencias, toda vez que el AMBA posee una gran concentraci\u00f3n de gente en pocos kil\u00f3metros, respecto de otros Distritos donde llevar la electricidad es m\u00e1s costoso\u201d. Por \u00faltimo, se\u00f1al\u00f3, que quienes solicitan Audiencias P\u00fablicas o \u201cpretenden confundir a los usuarios o no conocen las normativas vigentes, toda vez que las mismas ya se concretaron y por nuestra provincia, \u00fanicamente particip\u00f3 la Defensor\u00eda del Pueblo\u201d, agregando que esta semana mantendremos una nueva Reuni\u00f3n de Trabajo con el Secretario de Energ\u00eda de la Naci\u00f3n- <\/em><\/strong><\/p>\n<p>&nbsp;<\/p>\n<p>A partir del 1\u00b0 de junio, las tarifas de servicio el\u00e9ctrico tuvieron un nuevo aumento, que se suma a otra quita de subsidios. Por disposici\u00f3n de la Secretar\u00eda de Energ\u00eda de la Naci\u00f3n, las facturas de los Usuarios N2 y N3 sufrieron importantes incrementos. El Ombudsman Provincial, Dr. Jos\u00e9 Leonardo Gialluca, <strong>se\u00f1al\u00f3, <\/strong>que la medida la dispuso la Secretar\u00eda de Energ\u00eda de la Naci\u00f3n a trav\u00e9s de la <strong>Res. N\u00ba 90\/2024<\/strong>, estableciendo l\u00edmites en los subsidios a los usuarios residenciales N2 (<strong>menores ingresos<\/strong>), en base al consumo de la energ\u00eda; y para los usuarios Residenciales N3 (<strong>ingresos medios<\/strong>), les reduce los l\u00edmites vigentes. De esta manera, a partir de los consumos del <strong>1 de junio<\/strong>, las condiciones al subsidio, son las siguientes: * <strong>Menores ingresos<\/strong>: Este segmento de usuarios residenciales, hasta el consumo de 350 kWh mes, pagar\u00e1 la tarifa Residencial N2, con subsidio. <strong><u>Por el excedente de dicho consumo, se aplicar\u00e1 la tarifa Residencial N1<\/u><\/strong>. * <strong>Ingresos medios<\/strong>: Este segmento de usuarios residenciales, hasta el consumo de 250 kWh mes, pagar\u00e1 la tarifa Residencial N3, con subsidio. <strong><u>Por el excedente de dicho consumo, se aplicar\u00e1 la tarifa Residencial N1<\/u><\/strong>. Estos l\u00edmites se elevan en los casos de zonas fr\u00edas que no poseen gas natural durante los meses de Julio y Agosto, a 700 kWh (N2) y 500 kWh (N3) <strong>y por ello, hemos solicitado igualdad de trato por parte del Gobierno Nacional en relaci\u00f3n a estos topes. <\/strong>En este contexto, el Funcionario Provincial denunci\u00f3 que, en la actualidad observamos una gran distorsi\u00f3n en los precios de la energ\u00eda entre provincias, as\u00ed, por ejemplo, C\u00f3rdoba aplica los aumentos de forma autom\u00e1tica, seg\u00fan la actualizaci\u00f3n del precio del Valor Agregado de Distribuci\u00f3n (VAD), en la Provincia de Buenos Aires se est\u00e1 aplicando de otra manera, en Cuyo, Mendoza <strong>hoy tiene una Tarifa Residencial que promedia los $40.000, mientras que en la Rioja es de $5.000 y a este problema, <em>\u201cse le suma que el Estado Nacional quiere establecer los aumentos de tarifas seg\u00fan proyecciones de inflaci\u00f3n para lo que resta del a\u00f1o, pero no tiene en cuenta la inflaci\u00f3n que ya tuvimos hasta ahora, lo cual genera m\u00e1s distorsi\u00f3n\u201d<\/em><\/strong>. En este sentido, record\u00f3 que todas las distribuidoras del NEA, esto es por el Chaco (<strong>SECHEEP<\/strong>), por Misiones (<strong>EMSA<\/strong>), por Corrientes (<strong>DPEC<\/strong>), por Formosa (<strong>REFSA<\/strong>), <strong>\u201chan denunciado al Secretario de Energ\u00eda Eduardo Chirillo, la no inclusi\u00f3n de estas Jurisdicciones en los criterios calificados en el art. 2\u00ba de la Res. N\u00ba 90\/24, con lo cual, se pasa por alto una de las caracter\u00edsticas distintivas de las Provincias del NEA, que es la gran participaci\u00f3n que tiene la energ\u00eda destinada a uso domiciliario en el total de la energ\u00eda comercializada y que, en las 4 provincias citadas, superan el 60% de consumos residenciales, que comparado con CABA, disminuye al 46%, AMBA al 43%, C\u00f3rdoba 41% y Mendoza al 39%. <\/strong><\/p>\n<p>&nbsp;<\/p>\n<p>&nbsp;<\/p>\n<p>&nbsp;<\/p>\n<p>&nbsp;<\/p>\n<p><strong>\u00a0<\/strong><\/p>\n","protected":false},"excerpt":{"rendered":"<p>ESTO SE AGRAVA, PUES EL GOBIERNO NACIONAL QUIERE ESTABLECER LOS AUMENTOS DE TARIFAS SEG\u00daN PROYECCIONES DE INFLACION PARA LO QUE RESTA DEL A\u00d1O, \u201cPERO NO TIENE EN CUENTA LA INFLACION QUE YA TUVIMOS HASTA AHORA, LO CUAL GENERA MAS DISTORSIONES\u201d<\/p>\n","protected":false},"author":2,"featured_media":15368,"comment_status":"closed","ping_status":"closed","sticky":false,"template":"","format":"standard","meta":{"footnotes":""},"categories":[1],"tags":[],"class_list":["post-15367","post","type-post","status-publish","format-standard","has-post-thumbnail","hentry","category-noticias"],"_links":{"self":[{"href":"https:\/\/defensoriaformosa.gob.ar\/index.php?rest_route=\/wp\/v2\/posts\/15367","targetHints":{"allow":["GET"]}}],"collection":[{"href":"https:\/\/defensoriaformosa.gob.ar\/index.php?rest_route=\/wp\/v2\/posts"}],"about":[{"href":"https:\/\/defensoriaformosa.gob.ar\/index.php?rest_route=\/wp\/v2\/types\/post"}],"author":[{"embeddable":true,"href":"https:\/\/defensoriaformosa.gob.ar\/index.php?rest_route=\/wp\/v2\/users\/2"}],"replies":[{"embeddable":true,"href":"https:\/\/defensoriaformosa.gob.ar\/index.php?rest_route=%2Fwp%2Fv2%2Fcomments&post=15367"}],"version-history":[{"count":1,"href":"https:\/\/defensoriaformosa.gob.ar\/index.php?rest_route=\/wp\/v2\/posts\/15367\/revisions"}],"predecessor-version":[{"id":15369,"href":"https:\/\/defensoriaformosa.gob.ar\/index.php?rest_route=\/wp\/v2\/posts\/15367\/revisions\/15369"}],"wp:featuredmedia":[{"embeddable":true,"href":"https:\/\/defensoriaformosa.gob.ar\/index.php?rest_route=\/wp\/v2\/media\/15368"}],"wp:attachment":[{"href":"https:\/\/defensoriaformosa.gob.ar\/index.php?rest_route=%2Fwp%2Fv2%2Fmedia&parent=15367"}],"wp:term":[{"taxonomy":"category","embeddable":true,"href":"https:\/\/defensoriaformosa.gob.ar\/index.php?rest_route=%2Fwp%2Fv2%2Fcategories&post=15367"},{"taxonomy":"post_tag","embeddable":true,"href":"https:\/\/defensoriaformosa.gob.ar\/index.php?rest_route=%2Fwp%2Fv2%2Ftags&post=15367"}],"curies":[{"name":"wp","href":"https:\/\/api.w.org\/{rel}","templated":true}]}}