{"id":15354,"date":"2024-06-17T22:05:57","date_gmt":"2024-06-18T01:05:57","guid":{"rendered":"https:\/\/defensoriaformosa.gob.ar\/?p=15354"},"modified":"2024-06-17T22:05:57","modified_gmt":"2024-06-18T01:05:57","slug":"advierten-que-la-no-ampliacion-de-plazos-para-inscribirse-en-el-rase-provocara-que-miles-de-hogares-pasen-a-pagar-una-elevada-tarifa-plena-de-energia-electrica","status":"publish","type":"post","link":"https:\/\/defensoriaformosa.gob.ar\/?p=15354","title":{"rendered":"ADVIERTEN QUE LA NO AMPLIACION DE PLAZOS PARA INSCRIBIRSE EN EL RASE, PROVOCARA QUE MILES DE HOGARES PASEN A PAGAR UNA ELEVADA TARIFA PLENA DE ENERGIA ELECTRICA"},"content":{"rendered":"<p><strong><em>-Gialluca denunci\u00f3 que, la Secretaria de Energ\u00eda de Naci\u00f3n, al bajar los topes\u00a0 para subsidiar consumos de los usuarios N2 y N3 a 350 Kw, 250Kw mes \u201cno solo incurre en discriminaci\u00f3n con las Provincias del Centro y Sur del Pa\u00eds,\u00a0 donde rigen topes de 700 y 500 Kv mes respectivamente,\u00a0 sino que, adem\u00e1s, incumple con la Resoluci\u00f3n N\u00b0 92\/94\u00a0 que obliga a la Autoridad de Aplicaci\u00f3n a contemplar los consumos indispensables seg\u00fan las zonas, sumada a la Resoluci\u00f3n N\u00b0 90\/24, cuyo art. 2 implementa como excepci\u00f3n a usuarios que no tienen acceso al gas natural por redes. Se\u00f1al\u00f3 que, si no se ampl\u00edan plazos, miles de hogares pagaran tarifas plenas de energ\u00eda el\u00e9ctrica-<\/em><\/strong><!--more--><\/p>\n<p>El Defensor del Pueblo de la Provincia, Dr. Jos\u00e9 Leonardo Gialluca, se\u00f1al\u00f3 que, los gastos en los servicios de energ\u00eda el\u00e9ctrica que tienen las familias formose\u00f1as, son los m\u00e1s altos de los \u00faltimos 30 a\u00f1os y la raz\u00f3n se encuentra en \u201c<strong>los incrementos desmedidos en la generaci\u00f3n y transporte que se paga en el Norte Argentino, debi\u00e9ndose agregar, el retroceso de los salarios medidos en d\u00f3lares, que en el primer semestre del 2024 se ubican en los valores m\u00e1s bajos de los \u00faltimos 20 a\u00f1os<\/strong>\u201d, sumada a la profunda recesi\u00f3n que atraviesa el pa\u00eds, donde desde el RASE, se contempla la necesidad de consumos desde los 700 a 800kw mes por las altas temperaturas y la obsolescencia de los diversos equipos de refrigeraci\u00f3n, sean heladeras o aires acondicionados que no ayudan a disminuir los elevados consumos. Por otra parte, advirti\u00f3 que, si el Gobierno Nacional no amplia el pazo de 60 d\u00edas para inscribirse en el RASE o no permite incorporar a los usuarios del Programa Provincial \u201c<strong>Subsidio Esfuerzo Formose\u00f1o<\/strong>\u201d, centenares de usuarios residenciales perder\u00e1n todo tipo de subsidios y no podr\u00e1n pagar sus consumos. Por ello, le pedimos al Secretario Eduardo Chirillo que, ampl\u00ede ese plazo a 6 meses y permita la coexistencia de los subsidios el\u00e9ctricos vigentes, tanto los nacionales con los provinciales, \u201c<strong>dado que en Formosa no se est\u00e1 calefaccionando con energ\u00eda el\u00e9ctrica a piletas de los barrios privados como se hace en CABA, sino que utilizamos racionalmente la energ\u00eda para descansar y poder trabajar con dignidad<\/strong>\u201d. Gialluca fue claro, al informar que Chirillo y su equipo \u201c<strong>van por un Programa de Eficiencia Energ\u00e9tica, para auxiliar a los usuarios residenciales a adquirir bienes que consuman menos energ\u00eda el\u00e9ctrica, lo cual vamos a acompa\u00f1ar, pero, entre tanto necesitamos otras medidas urgentes como las antes mencionadas, para evitar que a la gente se le corte un servicio p\u00fablico esencial<\/strong>\u201d. Agreg\u00f3 que, el Funcionario Nacional, fue contundente en que \u201c<strong>para los usuarios comerciales, pymes e industrias, no habr\u00e1 ning\u00fan tipo de subsidio y la ayuda del Estado vendr\u00e1 por cr\u00e9ditos para estas actividades, que ser\u00e1n anunciados estos d\u00edas<\/strong>\u201d. Finalmente, el Ombudsman Provincial, reiter\u00f3 que, reconstruir e impulsar la integraci\u00f3n energ\u00e9tica con Paraguay mediante la ET CLORINDA &#8211; GUARAMBAR\u00c9, \u201c<strong>beneficiar\u00e1 a las provincias del norte y a todo el pa\u00eds, evitando colapsos energ\u00e9ticos, como hemos tenido en todo el territorio argentino y que continuar\u00e1n sino se hacen las obras indispensables en esta \u00e1rea<\/strong>\u201d. Consultado, sobre quienes se\u00f1alan que el Bono otorgado por el Gobierno Provincial para el sector p\u00fablico, es un Bono Refsa, \u201c<strong>Gialluca dijo que, est\u00e1n aquellas personas que viven haciendo campa\u00f1as confundiendo a los usuarios y quienes trabajamos para la gente, pues los invitamos a que miren y comparen que sucede en el resto del pa\u00eds hoy, para luego reci\u00e9n hacer sus aportes a la comunidad, si los tienen<\/strong>\u201d.<\/p>\n","protected":false},"excerpt":{"rendered":"<p>-Gialluca denunci\u00f3 que, la Secretaria de Energ\u00eda de Naci\u00f3n, al bajar los topes\u00a0 para subsidiar consumos de los usuarios N2 y N3 a 350 Kw, 250Kw mes \u201cno solo incurre en discriminaci\u00f3n con las Provincias del Centro y Sur del Pa\u00eds,\u00a0 donde rigen topes de 700 y 500 Kv mes respectivamente,\u00a0 sino que, adem\u00e1s, incumple [&hellip;]<\/p>\n","protected":false},"author":2,"featured_media":15355,"comment_status":"closed","ping_status":"closed","sticky":false,"template":"","format":"standard","meta":{"footnotes":""},"categories":[1],"tags":[],"class_list":["post-15354","post","type-post","status-publish","format-standard","has-post-thumbnail","hentry","category-noticias"],"_links":{"self":[{"href":"https:\/\/defensoriaformosa.gob.ar\/index.php?rest_route=\/wp\/v2\/posts\/15354","targetHints":{"allow":["GET"]}}],"collection":[{"href":"https:\/\/defensoriaformosa.gob.ar\/index.php?rest_route=\/wp\/v2\/posts"}],"about":[{"href":"https:\/\/defensoriaformosa.gob.ar\/index.php?rest_route=\/wp\/v2\/types\/post"}],"author":[{"embeddable":true,"href":"https:\/\/defensoriaformosa.gob.ar\/index.php?rest_route=\/wp\/v2\/users\/2"}],"replies":[{"embeddable":true,"href":"https:\/\/defensoriaformosa.gob.ar\/index.php?rest_route=%2Fwp%2Fv2%2Fcomments&post=15354"}],"version-history":[{"count":1,"href":"https:\/\/defensoriaformosa.gob.ar\/index.php?rest_route=\/wp\/v2\/posts\/15354\/revisions"}],"predecessor-version":[{"id":15356,"href":"https:\/\/defensoriaformosa.gob.ar\/index.php?rest_route=\/wp\/v2\/posts\/15354\/revisions\/15356"}],"wp:featuredmedia":[{"embeddable":true,"href":"https:\/\/defensoriaformosa.gob.ar\/index.php?rest_route=\/wp\/v2\/media\/15355"}],"wp:attachment":[{"href":"https:\/\/defensoriaformosa.gob.ar\/index.php?rest_route=%2Fwp%2Fv2%2Fmedia&parent=15354"}],"wp:term":[{"taxonomy":"category","embeddable":true,"href":"https:\/\/defensoriaformosa.gob.ar\/index.php?rest_route=%2Fwp%2Fv2%2Fcategories&post=15354"},{"taxonomy":"post_tag","embeddable":true,"href":"https:\/\/defensoriaformosa.gob.ar\/index.php?rest_route=%2Fwp%2Fv2%2Ftags&post=15354"}],"curies":[{"name":"wp","href":"https:\/\/api.w.org\/{rel}","templated":true}]}}