{"id":15349,"date":"2024-06-14T17:36:16","date_gmt":"2024-06-14T20:36:16","guid":{"rendered":"https:\/\/defensoriaformosa.gob.ar\/?p=15349"},"modified":"2024-06-15T17:39:07","modified_gmt":"2024-06-15T20:39:07","slug":"reunion-de-trabajo-entre-defensores-del-pueblo-y-la-comision-de-defensa-del-consumidor-usuarios-y-de-la-competencia","status":"publish","type":"post","link":"https:\/\/defensoriaformosa.gob.ar\/?p=15349","title":{"rendered":"REUNION DE TRABAJO ENTRE DEFENSORES DEL PUEBLO Y LA COMISION DE DEFENSA DEL CONSUMIDOR, USUARIOS Y DE LA COMPETENCIA"},"content":{"rendered":"<p><strong><em>-Denuncian el sobreendeudamiento en el que se encuentran millones de consumidores y usuarios, ante la falta de recursos para afrontar sus deudas, situaci\u00f3n que los coloca en una vulnerabilidad, afectando su calidad de vida y la de su grupo familiar, comprometi\u00e9ndose los legisladores a elaborar y construir una pronta respuesta a esta tem\u00e1tica-<\/em><\/strong><\/p>\n<p><!--more--><\/p>\n<p>El Defensor del Pueblo de la Provincia <strong>Dr. Jos\u00e9 Leonardo Gialluca<\/strong>, junto a otros defensores nucleados en ADPRA, llevaron adelante una &#8211;<strong>Reuni\u00f3n de Trabajo<\/strong>-, en el Congreso de la Naci\u00f3n, espec\u00edficamente en la Comisi\u00f3n de Defensa del Consumidor, Usuario y de la Competencia, presidida por Carolina YUTROVIC, encontr\u00e1ndose presente adem\u00e1s la Diputada Nacional Graciela Parola. En la misma, Gialluca, denunci\u00f3, la derogaci\u00f3n de leyes y de m\u00e1s de 69 Resoluciones que garantizaban derechos a los consumidores &#8211; usuarios, \u201c<strong>que hoy son v\u00edctimas de variados abusos por empresas p\u00fablicas y privadas<\/strong>\u201d, donde la situaci\u00f3n se agrava, ya que no se pude estar judicializando todo, pues las demandas de la gente, son urgentes, se\u00f1al\u00f3. Denunci\u00f3 la no recepci\u00f3n de reclamos por parte de firmas como Telecom Personal, la cual, en Formosa, \u00fanicamente \u201c<strong>cobran a sus usuarios y ante cualquier duda o inconveniente, los derivan a un 0800, que nunca soluciona nada<\/strong>\u201d. De la misma manera, denunci\u00f3 a los supermercados que trabajan con entidades financieras o bancarias, ofreciendo tarjetas de cr\u00e9ditos, \u201c<strong>pero a la hora de requerir la baja del servicio o desconocer alg\u00fan consumo, derivan a aplicaciones, que no brindan respuestas a los consumidores<\/strong>\u201d. Los diputados presentes, se comprometieron a llevar estas y otras cuestiones planteadas, como las estafas virtuales, ciberdelitos, al recinto de la C\u00e1mara Baja y encontrar resultados constructivos para la gente. Posteriormente, se llev\u00f3 adelante otra &#8211;<strong>Reuni\u00f3n Informativa<\/strong>-, esta vez con, el Subsecretario de Defensa del Consumidor y Lealtad Comercial Dr. Fernando Martin Blanco Mui\u00f1o, a quien se le planteo las problem\u00e1ticas de los ahorristas y adjudicatarios de planes de ahorro, \u201c<strong>quienes actualmente no pueden cumplir con sus obligaciones mensuales, cayendo en mora, con la consecuencia de la iniciaci\u00f3n de acciones judiciales, que llegan hasta el secuestro de veh\u00edculos<\/strong>\u201d. Para eso Gialluca, solicit\u00f3, un r\u00e9gimen de diferimiento de pagos, contemplando la adaptaci\u00f3n progresiva de \u201c<strong>las cuotas partes de los contratos al valor del bien &#8211; tipo en condiciones de gradualidad<\/strong>\u201d. Agreg\u00f3 que, se elimine la aplicaci\u00f3n de multas a suscriptores y la reducci\u00f3n de las cargas administrativas, \u201c<strong>asimismo ante la falta de respuestas o demoras de las Sociedades Administradoras de los Planes de Ahorro de ventas de veh\u00edculos,\u00a0 se exigi\u00f3 que, habiliten una oficina en cada provincia para que se recepcionen y tramiten los diferentes planteos o en su defecto, se haga lo propio en las respectivas concesionarias, aprovechando su contacto directo con las empresas de Planes de Ahorro,\u00a0 d\u00e1ndoseles as\u00ed un tr\u00e1mite m\u00e1s \u00e1gil a cada prestaci\u00f3n<\/strong>\u201d. Esto \u00faltimo, dado que los consumidores, cuando acuden a reclamar a los lugares de venta, no se los atiende y son derivados a las Administradoras, las cuales se encuentran en Ciudad Aut\u00f3noma, lo que origina graves perjuicios econ\u00f3micos a la gente, quienes deben pagar, entre tanto, intereses moratorios y hasta punitorios altamente onerosos. <strong>Por \u00faltimo, el Funcionario Provincial, destac\u00f3 el encuentro Institucional con la Presidenta de la Comisi\u00f3n de Asuntos Previsionales de la C\u00e1mara Baja, Lic. Gabriela Brouwer de Koning (UCR &#8211; Cordoba), donde \u201cexisti\u00f3 consenso en cuanto a mantener la formula jubilatoria aprobada, toda vez que la misma no afecta las arcas del Estado Nacional\u201d y de esa manera se mejora en algo el acceso a los alimentos b\u00e1sicos y medicamentos,\u00a0 frente a la p\u00e9rdida de su capacidad adquisitiva, m\u00e1s los permanentes aumentos que siguen d\u00e1ndose en estos bienes. <\/strong>Gialluca, inform\u00f3 que, se mantiene la moratoria provisional y los jubilados podr\u00e1n continuar con sus planes de pagos para aquellos que no pudieron reunir los 30 a\u00f1os de aportes. Solicit\u00f3 a todas las personas interesadas, concurrir a la sede de la Defensor\u00eda del Pueblo, o comunicarse a trav\u00e9s de los correos <a href=\"mailto:denuncia@formosa.gov.ar\">denuncia@formosa.gov.ar<\/a> \u2013 <a href=\"mailto:depuefor@fibertel.com.ar\">depuefor@fibertel.com.ar<\/a>. <strong>Adem\u00e1s, llev\u00f3 tranquilidad a los beneficiarios de Pensiones por Discapacidad, \u201ctoda vez que el Estado no las puede eliminar simplemente, sino que se debe respetar una serie de normas vigentes\u201d, entre las que se establece que, para suspender una prestaci\u00f3n, se tiene que probar \u201cuna percepci\u00f3n indebida de haberes\u201d, sugiriendo a las personas que reciban alguna notificaci\u00f3n, concurran al Organismo de la Constituci\u00f3n, pues la incomparecencia reiterada, sin causa justificada, en caso de citaciones, las personas deben cumplir. En este punto el Ombudsman Provincial \u201crequiri\u00f3 la reglamentaci\u00f3n pronta del Decreto N\u00b0 566\/23, que permitir\u00e1 a los pensionados discapacitados, obligarse laboralmente con tareas diversas p\u00fablicas o privadas\u201d.<\/strong><\/p>\n","protected":false},"excerpt":{"rendered":"<p>-Denuncian el sobreendeudamiento en el que se encuentran millones de consumidores y usuarios, ante la falta de recursos para afrontar sus deudas, situaci\u00f3n que los coloca en una vulnerabilidad, afectando su calidad de vida y la de su grupo familiar, comprometi\u00e9ndose los legisladores a elaborar y construir una pronta respuesta a esta tem\u00e1tica-<\/p>\n","protected":false},"author":2,"featured_media":15350,"comment_status":"closed","ping_status":"closed","sticky":false,"template":"","format":"standard","meta":{"footnotes":""},"categories":[1],"tags":[],"class_list":["post-15349","post","type-post","status-publish","format-standard","has-post-thumbnail","hentry","category-noticias"],"_links":{"self":[{"href":"https:\/\/defensoriaformosa.gob.ar\/index.php?rest_route=\/wp\/v2\/posts\/15349","targetHints":{"allow":["GET"]}}],"collection":[{"href":"https:\/\/defensoriaformosa.gob.ar\/index.php?rest_route=\/wp\/v2\/posts"}],"about":[{"href":"https:\/\/defensoriaformosa.gob.ar\/index.php?rest_route=\/wp\/v2\/types\/post"}],"author":[{"embeddable":true,"href":"https:\/\/defensoriaformosa.gob.ar\/index.php?rest_route=\/wp\/v2\/users\/2"}],"replies":[{"embeddable":true,"href":"https:\/\/defensoriaformosa.gob.ar\/index.php?rest_route=%2Fwp%2Fv2%2Fcomments&post=15349"}],"version-history":[{"count":1,"href":"https:\/\/defensoriaformosa.gob.ar\/index.php?rest_route=\/wp\/v2\/posts\/15349\/revisions"}],"predecessor-version":[{"id":15351,"href":"https:\/\/defensoriaformosa.gob.ar\/index.php?rest_route=\/wp\/v2\/posts\/15349\/revisions\/15351"}],"wp:featuredmedia":[{"embeddable":true,"href":"https:\/\/defensoriaformosa.gob.ar\/index.php?rest_route=\/wp\/v2\/media\/15350"}],"wp:attachment":[{"href":"https:\/\/defensoriaformosa.gob.ar\/index.php?rest_route=%2Fwp%2Fv2%2Fmedia&parent=15349"}],"wp:term":[{"taxonomy":"category","embeddable":true,"href":"https:\/\/defensoriaformosa.gob.ar\/index.php?rest_route=%2Fwp%2Fv2%2Fcategories&post=15349"},{"taxonomy":"post_tag","embeddable":true,"href":"https:\/\/defensoriaformosa.gob.ar\/index.php?rest_route=%2Fwp%2Fv2%2Ftags&post=15349"}],"curies":[{"name":"wp","href":"https:\/\/api.w.org\/{rel}","templated":true}]}}