{"id":15343,"date":"2024-06-12T18:14:40","date_gmt":"2024-06-12T21:14:40","guid":{"rendered":"https:\/\/defensoriaformosa.gob.ar\/?p=15343"},"modified":"2024-06-13T13:16:51","modified_gmt":"2024-06-13T16:16:51","slug":"defensores-del-pueblo-se-reunieron-con-el-secretario-de-energia","status":"publish","type":"post","link":"https:\/\/defensoriaformosa.gob.ar\/?p=15343","title":{"rendered":"DEFENSORES DEL PUEBLO SE REUNIERON CON EL SECRETARIO DE ENERGIA"},"content":{"rendered":"<p><strong><em>-Gialluca solicit\u00f3 a la Secretaria de Energ\u00eda de Naci\u00f3n, reestablecer y fortalecer la integraci\u00f3n energ\u00e9tica con el Paraguay, mediante la reconstrucci\u00f3n de la interconexi\u00f3n entre la ET Clorinda y Guarambar\u00e9, reubicando la Torre 80 sobre el cruce del R\u00edo Paraguay, lo que permitir\u00e1 beneficiar a miles de usuarios en nuestra provincia, en la regi\u00f3n del NEA y en todo el Pa\u00eds-<\/em><\/strong><\/p>\n<p><!--more-->12<\/p>\n<p>Defensores del Pueblo nucleados en ADPRA, fueron recibidos por el Secretario de Energ\u00eda de Naci\u00f3n Eduardo Javier Rodr\u00edguez Chirillo, oportunidad donde las distintas regiones del pa\u00eds, expusieron reclamos y cr\u00edticas situaciones, de usuarios residenciales y comerciales, luego del dictado de Resoluciones que disminuyen topes a los usuarios de bajos recursos N2 y de ingresos medios N3, en 350 Kw\/ mes y 250 respectivamente, con lo cual superando dichos valores, pasan a pagar una tarifa plena en sus facturas. En la oportunidad, el Ombudsman Provincial Dr. Jos\u00e9 Leonardo Gialluca, representando a la Regi\u00f3n Norte, peticiono, \u201c<strong>el incremento de los topes, para N2 a 700kw y 500 para los N3, tal como est\u00e1n beneficiados los usuarios de las Zonas Fr\u00edas con fundamento en el art 5 inc. 1 del Decreto N\u00b0 465\/24, el cual establece que, la Autoridad de Aplicaci\u00f3n, deber\u00e1 contemplar el criterio de consumo indispensable, pudiendo considerar la zona bioambiental y los consumos de la \u00e9poca del a\u00f1o<\/strong>\u201d. A su vez el Art 2 de la Resoluci\u00f3n N\u00b0 90\/24 prev\u00e9 como excepci\u00f3n a usuarios que no tengan acceso al servicio de gas natural por redes, que son justamente los de nuestra jurisdicci\u00f3n. Por otra parte, el Funcionario Provincial, frente al art\u00edculo 8 de la Resoluci\u00f3n N\u00b0 90\/24 que establece que los usuarios que hayan quedado incluidos en el -RASE-, en virtud de Programas Provinciales, deber\u00e1n inscribirse en forma individual, dentro de un plazo de 60 d\u00edas, caso contrario, perder\u00e1n los subsidios, reclamos, ampliar dicho plazo a 6 meses, incorpor\u00e1ndose a todos los usuarios del \u201c<strong>Subsidio Provincial Esfuerzo Formose\u00f1o<\/strong>\u201d al RASE, consider\u00e1ndose el trabajo territorial de a\u00f1os en las provincias y en la imposibilidad material y temporal de cumplirse con lo exigido por la citada Resoluci\u00f3n, m\u00e1xime si se tiene en cuenta, que se trata de personas econ\u00f3micamente vulnerables, sin acceso a internet y que residen en zonas muy alejadas. Al mismo tiempo, Gialluca, insto a dejar sin efecto la eliminaci\u00f3n del Registro de Usuarios Electrodependientes, establecido en las Resoluciones N\u00b0 334\/335 del ENRE. Se expuso las dificultades de usuarios, comercios y pymes para pagar las actuales facturas de energ\u00eda el\u00e9ctrica, frente al impacto por la quita de subsidios a los precios estacionales en la generaci\u00f3n, en \u00e9pocas de mayores consumos, poniendo de relieve que los nombrados, no son libres de elegir al prestador y por ello, solicitaron previsibilidad, gradualidad y accesibilidad clara en la informaci\u00f3n. El Secretario de Energ\u00eda, en una reuni\u00f3n que se extendi\u00f3 por m\u00e1s de dos horas, acompa\u00f1ado de sus Asesores T\u00e9cnicos, recepcion\u00f3 todos los planteos, mostrando predisposici\u00f3n para \u201c<strong>generar enlaces de articulaciones interinstitucionales y atender los diversos planteos<\/strong>\u201d.<\/p>\n<p><strong><u>SE SOLICIT\u00d3 REACTIVAR Y REESTABLECER LA INTEGRACI\u00d3N ENERG\u00c9TICA CON PARAGUAY CONECTADO LA ET CLORINDA CON LA ET GUARAMBARE<\/u>: <\/strong>El Defensor del Pueblo Dr. Jos\u00e9 Leonardo Gialluca, pidi\u00f3 reactivar el proceso licitatorio, cuyo financiamiento se encuentra garantizado con fondos internacionales de la <strong>ET CLORINDA EN ARGENTINA CON LA ET GUARAMBARE EN PARAGUAY<\/strong>. Este punto fue aprobado dentro de la Audiencia P\u00fablica de la concesi\u00f3n de TRANSNEA SA y de concretarse permitir\u00e1 la obtenci\u00f3n de un \u201c<strong>mayor flujo de energ\u00eda en los meses de altos consumo que beneficiar\u00e1 no s\u00f3lo a Formosa, sino a todo el Sistema El\u00e9ctrico Nacional, evit\u00e1ndose colapsos energ\u00e9ticos como los que hemos padecido en los \u00faltimos a\u00f1os<\/strong>\u201d. Se plante\u00f3 conformar un Consejo T\u00e9cnico \u201cad-hoc\u201d, con personal del ENRE y de la Provincia de Formosa, para definir la incorporaci\u00f3n y\/o modificaci\u00f3n del plan de inversiones con las tarifas previstas para cada concesi\u00f3n, conforme con las necesidades del sistema. Por \u00faltimo, se pidi\u00f3 reglamentar la definici\u00f3n del Distribuidor en Mora Transitoria, para que las distribuidoras acumulen deudas transitorias por montos equivalentes o inferiores a cuatro (4) facturaciones mensuales, producto del descalce financiero que origina la Resoluci\u00f3n N\u00b0 92\/ 24 al modificar significativamente los valores de la Potencia y del Precio Estabilizado de la Energ\u00eda, donde las deudas deber\u00edan ser refinanciadas con per\u00edodos de gracia, sin considerar intereses o penalidades, permiti\u00e9ndose cumplir con CAMMESA y \u201c<strong>establecer entonces un R\u00e9gimen Especial de Cr\u00e9ditos a favor de las Distribuidoras no deudoras, dentro del marco del Decreto N\u00b0 88\/23, siendo necesaria la urgente reglamentaci\u00f3n por la Secretaria de Energ\u00eda para su pronta implementaci\u00f3n<\/strong>\u201d, recordando que la Distribuidora REFSA viene a la fecha, cumpliendo con los pagos correspondientes a CAMMESA.<\/p>\n","protected":false},"excerpt":{"rendered":"<p>-Gialluca solicit\u00f3 a la Secretaria de Energ\u00eda de Naci\u00f3n, reestablecer y fortalecer la integraci\u00f3n energ\u00e9tica con el Paraguay, mediante la reconstrucci\u00f3n de la interconexi\u00f3n entre la ET Clorinda y Guarambar\u00e9, reubicando la Torre 80 sobre el cruce del R\u00edo Paraguay, lo que permitir\u00e1 beneficiar a miles de usuarios en nuestra provincia, en la regi\u00f3n del [&hellip;]<\/p>\n","protected":false},"author":2,"featured_media":15344,"comment_status":"closed","ping_status":"closed","sticky":false,"template":"","format":"standard","meta":{"footnotes":""},"categories":[1],"tags":[],"class_list":["post-15343","post","type-post","status-publish","format-standard","has-post-thumbnail","hentry","category-noticias"],"_links":{"self":[{"href":"https:\/\/defensoriaformosa.gob.ar\/index.php?rest_route=\/wp\/v2\/posts\/15343","targetHints":{"allow":["GET"]}}],"collection":[{"href":"https:\/\/defensoriaformosa.gob.ar\/index.php?rest_route=\/wp\/v2\/posts"}],"about":[{"href":"https:\/\/defensoriaformosa.gob.ar\/index.php?rest_route=\/wp\/v2\/types\/post"}],"author":[{"embeddable":true,"href":"https:\/\/defensoriaformosa.gob.ar\/index.php?rest_route=\/wp\/v2\/users\/2"}],"replies":[{"embeddable":true,"href":"https:\/\/defensoriaformosa.gob.ar\/index.php?rest_route=%2Fwp%2Fv2%2Fcomments&post=15343"}],"version-history":[{"count":1,"href":"https:\/\/defensoriaformosa.gob.ar\/index.php?rest_route=\/wp\/v2\/posts\/15343\/revisions"}],"predecessor-version":[{"id":15345,"href":"https:\/\/defensoriaformosa.gob.ar\/index.php?rest_route=\/wp\/v2\/posts\/15343\/revisions\/15345"}],"wp:featuredmedia":[{"embeddable":true,"href":"https:\/\/defensoriaformosa.gob.ar\/index.php?rest_route=\/wp\/v2\/media\/15344"}],"wp:attachment":[{"href":"https:\/\/defensoriaformosa.gob.ar\/index.php?rest_route=%2Fwp%2Fv2%2Fmedia&parent=15343"}],"wp:term":[{"taxonomy":"category","embeddable":true,"href":"https:\/\/defensoriaformosa.gob.ar\/index.php?rest_route=%2Fwp%2Fv2%2Fcategories&post=15343"},{"taxonomy":"post_tag","embeddable":true,"href":"https:\/\/defensoriaformosa.gob.ar\/index.php?rest_route=%2Fwp%2Fv2%2Ftags&post=15343"}],"curies":[{"name":"wp","href":"https:\/\/api.w.org\/{rel}","templated":true}]}}