{"id":15340,"date":"2024-06-10T20:12:22","date_gmt":"2024-06-10T23:12:22","guid":{"rendered":"https:\/\/defensoriaformosa.gob.ar\/?p=15340"},"modified":"2024-06-10T20:12:22","modified_gmt":"2024-06-10T23:12:22","slug":"la-defensoria-del-pueblo-participo-de-diversas-actividades-en-el-dia-nacional-de-la-seguridad-vial","status":"publish","type":"post","link":"https:\/\/defensoriaformosa.gob.ar\/?p=15340","title":{"rendered":"LA DEFENSORIA DEL PUEBLO PARTICIPO DE DIVERSAS ACTIVIDADES EN EL DIA NACIONAL DE LA SEGURIDAD VIAL"},"content":{"rendered":"<p>Letrados e integrantes de la Instituci\u00f3n, participaron en la Ciudad de Piran\u00e9, de diversas actividades, en el D\u00eda Nacional de la Seguridad Vial. Estuvieron presentes, el Ministro de Gobierno, Jorge Abel Gonz\u00e1lez, Jefe de Polic\u00eda, Gral. Walter Ren\u00e9 Arroyo, Intendenta de Piran\u00e9, Yessica Palacios, Pte. del Concejo Deliberante de Piran\u00e9, Mat\u00edas Ramirez, Jefe del Departamento de Seguridad Vial de la Provincia, Gral. \u00c1ngel Bres, Coordinador del Consejo de Seguridad Vial, Gral (r) Argentino Santill\u00e1n, Director de Tr\u00e1nsito de la Provincia, Ing. Fernando\u00a0 Inchsusti D\u00edaz Colodrero, Jefe del Cuerpo de Bomberos,\u00a0 Crio Inspector Sergio Almir\u00f3n, Direcci\u00f3n Provincial de Vialidad, Directores, Docentes y Alumnos de diversos establecimientos educativos y vecinos. Se resalt\u00f3 la gesti\u00f3n de<strong> \u201ccontinuar profundizando este tipo de actividades que lleven a una mayor concientizaci\u00f3n vial en todos los sectores de nuestra Sociedad<\/strong>\u201d. Haci\u00e9ndose hincapi\u00e9, en la necesidad de mayor n\u00famero de Campa\u00f1as dirigidas hacia los ni\u00f1os y j\u00f3venes que son los \u201c<strong>que luego aplican en los hechos y trasladan al seno familiar, cada ense\u00f1anza, como lo es el respeto a las se\u00f1ales viales, todo lo cual, salva vidas<\/strong>\u201d. El Ombudsman Provincial Dr. Jos\u00e9 Leonardo Gialluca, rescato que, en nuestra provincia, el Estado y los Municipios, contin\u00faan ejecutando pol\u00edticas p\u00fablicas activas, \u201c<strong>pues cuando se producen siniestros viales, sus consecuencias, impactan no solamente en las personas, familias, sino tambi\u00e9n en la salud p\u00fablica, donde los hospitales y centros de salud se encargan de cada caso<\/strong>\u201d. Finalmente, el Funcionario Provincial, a\u00f1adi\u00f3 que, por ello, exigimos al Gobierno Nacional que se haga cargo de la infraestructura vial de las rutas nacionales, de terminar las obras, de su reparaci\u00f3n, mantenimiento, iluminaci\u00f3n, se\u00f1alizaciones, ya que ello, evitar\u00e1 siniestros que en ocasiones se originan en las deficiencias que vemos en estas trazas\u201d. Obviamente que, a los conductores, siempre se les exigir\u00e1, toda la prudencia y respeto, al manejar una cosa peligrosa, como son los veh\u00edculos o moto veh\u00edculos.<\/p>\n","protected":false},"excerpt":{"rendered":"<p>Letrados e integrantes de la Instituci\u00f3n, participaron en la Ciudad de Piran\u00e9, de diversas actividades, en el D\u00eda Nacional de la Seguridad Vial. Estuvieron presentes, el Ministro de Gobierno, Jorge Abel Gonz\u00e1lez, Jefe de Polic\u00eda, Gral. Walter Ren\u00e9 Arroyo, Intendenta de Piran\u00e9, Yessica Palacios, Pte. del Concejo Deliberante de Piran\u00e9, Mat\u00edas Ramirez, Jefe del Departamento [&hellip;]<\/p>\n","protected":false},"author":2,"featured_media":15341,"comment_status":"closed","ping_status":"closed","sticky":false,"template":"","format":"standard","meta":{"footnotes":""},"categories":[1],"tags":[],"class_list":["post-15340","post","type-post","status-publish","format-standard","has-post-thumbnail","hentry","category-noticias"],"_links":{"self":[{"href":"https:\/\/defensoriaformosa.gob.ar\/index.php?rest_route=\/wp\/v2\/posts\/15340","targetHints":{"allow":["GET"]}}],"collection":[{"href":"https:\/\/defensoriaformosa.gob.ar\/index.php?rest_route=\/wp\/v2\/posts"}],"about":[{"href":"https:\/\/defensoriaformosa.gob.ar\/index.php?rest_route=\/wp\/v2\/types\/post"}],"author":[{"embeddable":true,"href":"https:\/\/defensoriaformosa.gob.ar\/index.php?rest_route=\/wp\/v2\/users\/2"}],"replies":[{"embeddable":true,"href":"https:\/\/defensoriaformosa.gob.ar\/index.php?rest_route=%2Fwp%2Fv2%2Fcomments&post=15340"}],"version-history":[{"count":1,"href":"https:\/\/defensoriaformosa.gob.ar\/index.php?rest_route=\/wp\/v2\/posts\/15340\/revisions"}],"predecessor-version":[{"id":15342,"href":"https:\/\/defensoriaformosa.gob.ar\/index.php?rest_route=\/wp\/v2\/posts\/15340\/revisions\/15342"}],"wp:featuredmedia":[{"embeddable":true,"href":"https:\/\/defensoriaformosa.gob.ar\/index.php?rest_route=\/wp\/v2\/media\/15341"}],"wp:attachment":[{"href":"https:\/\/defensoriaformosa.gob.ar\/index.php?rest_route=%2Fwp%2Fv2%2Fmedia&parent=15340"}],"wp:term":[{"taxonomy":"category","embeddable":true,"href":"https:\/\/defensoriaformosa.gob.ar\/index.php?rest_route=%2Fwp%2Fv2%2Fcategories&post=15340"},{"taxonomy":"post_tag","embeddable":true,"href":"https:\/\/defensoriaformosa.gob.ar\/index.php?rest_route=%2Fwp%2Fv2%2Ftags&post=15340"}],"curies":[{"name":"wp","href":"https:\/\/api.w.org\/{rel}","templated":true}]}}