{"id":15330,"date":"2024-06-07T19:39:22","date_gmt":"2024-06-07T22:39:22","guid":{"rendered":"https:\/\/defensoriaformosa.gob.ar\/?p=15330"},"modified":"2024-06-07T19:39:22","modified_gmt":"2024-06-07T22:39:22","slug":"se-solicito-a-la-defensora-de-los-derechos-de-ninas-ninos-y-adolescentes-haga-respetar-el-registro-nacional-de-comedores-y-merenderos-comunitarios","status":"publish","type":"post","link":"https:\/\/defensoriaformosa.gob.ar\/?p=15330","title":{"rendered":"SE SOLICITO A LA DEFENSORA DE LOS DERECHOS DE NI\u00d1AS, NI\u00d1OS Y ADOLESCENTES HAGA RESPETAR EL REGISTRO NACIONAL DE COMEDORES Y MERENDEROS COMUNITARIOS"},"content":{"rendered":"<p><strong><em>-Gialluca expres\u00f3 que, desconocemos los motivos o criterios por los cuales el Ministerio de Capital Humano eligi\u00f3 a CONIN para distribuir alimentos, a\u00f1adiendo que esta Fundaci\u00f3n no posee ninguna Sede en nuestra Provincia, por lo que, sugiri\u00f3 conformar un espacio de di\u00e1logo y trabajo con las \u00e1reas competentes del Estado Provincial-<\/em><\/strong><\/p>\n<p><!--more--><\/p>\n<p>El Defensor del Pueblo de la Provincia de Formosa, <strong>Dr. Jos\u00e9 Leonardo Gialluca<\/strong>, <strong>solicit\u00f3 a la Dra. Marisa Graham, Defensora de los Derechos de las Ni\u00f1as, Ni\u00f1os y Adolescentes, figura creada luego de la sanci\u00f3n de la Ley 26.061 de Protecci\u00f3n Integral y su correspondiente promulgaci\u00f3n en el a\u00f1o 2005, mediante una formal Actuaci\u00f3n, impulse las medidas y acciones administrativas o judiciales tendientes a la obtenci\u00f3n de una distribuci\u00f3n equitativa de alimentos que incluyan a nuestra Jurisdicci\u00f3n. <\/strong>En los fundamentos de la requisitoria, se se\u00f1al\u00f3 que, la Secretaria de Ni\u00f1ez, Adolescencia y Familia del Ministerio de Capital Humano a cargo de la <strong>Lic. Sandra Pettovello<\/strong>, viene implementando una distribuci\u00f3n de alimentos a los sectores vulnerables bajo criterios absolutamente arbitrarios y antojadizos, <strong>advirti\u00e9ndose las cantidades de kilos de productos enviados a otras provincias o ciudades, quedando algunas sin recibir ayuda alguna, lo que habla a las claras de una manifiesta intencionalidad discriminatoria. <\/strong>Al mismo tiempo, el Funcionario Provincial, <strong>propuso a la Defensora Nacional, \u201cconformar un espacio de consenso y de trabajo para el abordaje de estos temas y otros\u201d, siempre con la transparencia necesaria que deben tener todas las acciones, m\u00e1xime las vinculadas a los alimentos que deben ser entregados con la rapidez y la log\u00edstica necesaria para evitar vencimientos, sugiri\u00e9ndose una coordinaci\u00f3n activa con los Ministerio de Desarrollo Humano y de la Comunidad de nuestra Provincia. <\/strong>Se pidi\u00f3 tambi\u00e9n que se respete el Registro Nacional de Comedores y Merenderos Comunitarios de Organizaciones de la Sociedad Civil (<strong>ReNaCom<\/strong>), <strong>dado que en Formosa no existe ninguna Sede de la Fundaci\u00f3n CONIN, actualmente encargada de la distribuci\u00f3n de alimentos, \u201cque ha sido elegida sin tener en cuenta c\u00f3mo se deben mover los alimentos en el territorio\u201d. <\/strong>En este contexto, el Ombudsman Provincial, destac\u00f3 las acciones que viene desplegando el Estado Provincial, mediante la cual se entregan productos de la Empresa Nutrifor, como parte del Programa de Fortalecimiento Nutricional de Escuelas que llega a todas las instituciones de la Capital y del interior provincial. No obstante, lo cual, advirti\u00f3 la situaci\u00f3n problem\u00e1tica de los comedores comunitarios que cada d\u00eda necesitan mayores insumos, pues, es cada vez m\u00e1s gente la que asiste pidiendo alimentos, porque ahora ya no es solamente el cartonero, el changar\u00edn o la empleada de casa particular, ahora hay hasta gente con trabajo formal, yendo a buscar un plato o taper de comida porque no llega a fin de mes, como consecuencia de los aumentos injustificados de los alimentos y en la paralizaci\u00f3n de la obra p\u00fablica que ha dejado a miles de personas desocupadas, <strong>esper\u00e1ndose para este 2024 que el desempleo alcance al 7,6% en nuestro pa\u00eds, producto de la recesi\u00f3n dominante.<\/strong><\/p>\n","protected":false},"excerpt":{"rendered":"<p>-Gialluca expres\u00f3 que, desconocemos los motivos o criterios por los cuales el Ministerio de Capital Humano eligi\u00f3 a CONIN para distribuir alimentos, a\u00f1adiendo que esta Fundaci\u00f3n no posee ninguna Sede en nuestra Provincia, por lo que, sugiri\u00f3 conformar un espacio de di\u00e1logo y trabajo con las \u00e1reas competentes del Estado Provincial-<\/p>\n","protected":false},"author":2,"featured_media":15331,"comment_status":"closed","ping_status":"closed","sticky":false,"template":"","format":"standard","meta":{"footnotes":""},"categories":[1],"tags":[],"class_list":["post-15330","post","type-post","status-publish","format-standard","has-post-thumbnail","hentry","category-noticias"],"_links":{"self":[{"href":"https:\/\/defensoriaformosa.gob.ar\/index.php?rest_route=\/wp\/v2\/posts\/15330","targetHints":{"allow":["GET"]}}],"collection":[{"href":"https:\/\/defensoriaformosa.gob.ar\/index.php?rest_route=\/wp\/v2\/posts"}],"about":[{"href":"https:\/\/defensoriaformosa.gob.ar\/index.php?rest_route=\/wp\/v2\/types\/post"}],"author":[{"embeddable":true,"href":"https:\/\/defensoriaformosa.gob.ar\/index.php?rest_route=\/wp\/v2\/users\/2"}],"replies":[{"embeddable":true,"href":"https:\/\/defensoriaformosa.gob.ar\/index.php?rest_route=%2Fwp%2Fv2%2Fcomments&post=15330"}],"version-history":[{"count":1,"href":"https:\/\/defensoriaformosa.gob.ar\/index.php?rest_route=\/wp\/v2\/posts\/15330\/revisions"}],"predecessor-version":[{"id":15332,"href":"https:\/\/defensoriaformosa.gob.ar\/index.php?rest_route=\/wp\/v2\/posts\/15330\/revisions\/15332"}],"wp:featuredmedia":[{"embeddable":true,"href":"https:\/\/defensoriaformosa.gob.ar\/index.php?rest_route=\/wp\/v2\/media\/15331"}],"wp:attachment":[{"href":"https:\/\/defensoriaformosa.gob.ar\/index.php?rest_route=%2Fwp%2Fv2%2Fmedia&parent=15330"}],"wp:term":[{"taxonomy":"category","embeddable":true,"href":"https:\/\/defensoriaformosa.gob.ar\/index.php?rest_route=%2Fwp%2Fv2%2Fcategories&post=15330"},{"taxonomy":"post_tag","embeddable":true,"href":"https:\/\/defensoriaformosa.gob.ar\/index.php?rest_route=%2Fwp%2Fv2%2Ftags&post=15330"}],"curies":[{"name":"wp","href":"https:\/\/api.w.org\/{rel}","templated":true}]}}