{"id":15327,"date":"2024-06-05T22:01:17","date_gmt":"2024-06-06T01:01:17","guid":{"rendered":"https:\/\/defensoriaformosa.gob.ar\/?p=15327"},"modified":"2024-06-05T22:01:17","modified_gmt":"2024-06-06T01:01:17","slug":"el-gobierno-nacional-bajo-los-topes-de-consumo-con-subsidio-y-autorizo-aumentos-superiores-al-155-para-usuarios-de-ingresos-medios-y-bajos","status":"publish","type":"post","link":"https:\/\/defensoriaformosa.gob.ar\/?p=15327","title":{"rendered":"EL GOBIERNO NACIONAL BAJO LOS TOPES DE CONSUMO CON SUBSIDIO Y AUTORIZO AUMENTOS SUPERIORES AL 155% PARA USUARIOS DE INGRESOS MEDIOS Y BAJOS"},"content":{"rendered":"<p><strong>\u00a0<\/strong><strong><em>-Gialluca inform\u00f3 que, los usuarios categorizados como N1 al igual que Comercios e Industrias, deben pagar el 100% del costo de la electricidad, m\u00e1s un nuevo incremento que podr\u00eda superar el 200%, lo cual se agrava para los Usuarios N2 y N3 que excedan los nuevos l\u00edmites al consumo impuestos por la Resoluci\u00f3n N\u00ba 90\/24 de la Secretaria de Energ\u00eda, que se fijaron en (N2 350 kWh\/mes y para N3 250 kWh\/mes, recordando que estos hogares ven\u00edan teniendo subsidios hasta 400 kWh\/mes, lo que ha sido modificado, \u201ccon lo cual los usuarios pagar\u00e1n m\u00e1s caras sus facturas\u201d- <\/em><\/strong><\/p>\n<p><!--more--><\/p>\n<p>Desde la Defensor\u00eda del Pueblo de la Provincia de Formosa, <strong>se denunci\u00f3 que, con las nuevas medidas implementadas desde el Gobierno Nacional a trav\u00e9s de la Secretaria de Energ\u00eda, los incrementos en las tarifas energ\u00e9ticas superar\u00e1n el 200% para la clase media a partir del mes de junio y se extender\u00e1 por ahora hasta el 30 de noviembre, hasta que se implemente el nuevo esquema de subsidios focalizados.<\/strong> El Ombudsman Provincial, Dr. Jos\u00e9 Leonardo Gialluca, se\u00f1al\u00f3 que, a trav\u00e9s de cuatro (4) Resoluciones publicadas en el BO, el Gobierno Nacional <strong><em>\u201cbaj\u00f3 los montos de energ\u00eda subsidiados, siendo los usuarios de ingresos bajos y medios, los m\u00e1s afectados\u201d<\/em>. <\/strong>La Secretar\u00eda de Energ\u00eda disminuy\u00f3 los topes de consumo subsidiado de luz y gas que tendr\u00e1n los usuarios residenciales de ingresos bajos (N2) y medios (N3), por lo que se producir\u00e1n fuertes aumentos en las boletas. A trav\u00e9s de la Resoluci\u00f3n N\u00ba 92\/2024, se aument\u00f3 el Precio Estacional de la Energ\u00eda (PEST) a $57.214 por megawatt hora (MWh) para todos los usuarios residenciales. Este valor regir\u00e1 desde mayo a octubre. Los usuarios de ingresos altos (N1) pagar\u00e1n el 100% del costo de la electricidad. Mientras que los de ingresos bajos (N2) y los de ingresos medios (N3) tendr\u00e1n una bonificaci\u00f3n del 71,9% y del 55,9% sobre ese precio en la factura, respectivamente. <strong>Record\u00e1ndose<\/strong> que, se estableci\u00f3 una baja de los topes de consumo con subsidio para los usuarios de ingresos medios y bajos. De este modo, los usuarios de Nivel 2 (ingresos bajos) tendr\u00e1n un l\u00edmite de consumo base (subsidiado) de <strong>350 kWh\/mes<\/strong>. En tanto que los usuarios de Nivel 3 (ingresos medios), el l\u00edmite del consumo base se fija en <strong>250 kWh\/mes<\/strong>, cuando anteriormente era de <strong>400 kWh\/mes<\/strong>.<\/p>\n","protected":false},"excerpt":{"rendered":"<p>\u00a0-Gialluca inform\u00f3 que, los usuarios categorizados como N1 al igual que Comercios e Industrias, deben pagar el 100% del costo de la electricidad, m\u00e1s un nuevo incremento que podr\u00eda superar el 200%, lo cual se agrava para los Usuarios N2 y N3 que excedan los nuevos l\u00edmites al consumo impuestos por la Resoluci\u00f3n N\u00ba 90\/24 [&hellip;]<\/p>\n","protected":false},"author":2,"featured_media":15328,"comment_status":"closed","ping_status":"closed","sticky":false,"template":"","format":"standard","meta":{"footnotes":""},"categories":[1],"tags":[],"class_list":["post-15327","post","type-post","status-publish","format-standard","has-post-thumbnail","hentry","category-noticias"],"_links":{"self":[{"href":"https:\/\/defensoriaformosa.gob.ar\/index.php?rest_route=\/wp\/v2\/posts\/15327","targetHints":{"allow":["GET"]}}],"collection":[{"href":"https:\/\/defensoriaformosa.gob.ar\/index.php?rest_route=\/wp\/v2\/posts"}],"about":[{"href":"https:\/\/defensoriaformosa.gob.ar\/index.php?rest_route=\/wp\/v2\/types\/post"}],"author":[{"embeddable":true,"href":"https:\/\/defensoriaformosa.gob.ar\/index.php?rest_route=\/wp\/v2\/users\/2"}],"replies":[{"embeddable":true,"href":"https:\/\/defensoriaformosa.gob.ar\/index.php?rest_route=%2Fwp%2Fv2%2Fcomments&post=15327"}],"version-history":[{"count":1,"href":"https:\/\/defensoriaformosa.gob.ar\/index.php?rest_route=\/wp\/v2\/posts\/15327\/revisions"}],"predecessor-version":[{"id":15329,"href":"https:\/\/defensoriaformosa.gob.ar\/index.php?rest_route=\/wp\/v2\/posts\/15327\/revisions\/15329"}],"wp:featuredmedia":[{"embeddable":true,"href":"https:\/\/defensoriaformosa.gob.ar\/index.php?rest_route=\/wp\/v2\/media\/15328"}],"wp:attachment":[{"href":"https:\/\/defensoriaformosa.gob.ar\/index.php?rest_route=%2Fwp%2Fv2%2Fmedia&parent=15327"}],"wp:term":[{"taxonomy":"category","embeddable":true,"href":"https:\/\/defensoriaformosa.gob.ar\/index.php?rest_route=%2Fwp%2Fv2%2Fcategories&post=15327"},{"taxonomy":"post_tag","embeddable":true,"href":"https:\/\/defensoriaformosa.gob.ar\/index.php?rest_route=%2Fwp%2Fv2%2Ftags&post=15327"}],"curies":[{"name":"wp","href":"https:\/\/api.w.org\/{rel}","templated":true}]}}