{"id":15322,"date":"2024-06-04T16:52:51","date_gmt":"2024-06-04T19:52:51","guid":{"rendered":"https:\/\/defensoriaformosa.gob.ar\/?p=15322"},"modified":"2024-06-04T16:52:51","modified_gmt":"2024-06-04T19:52:51","slug":"solicitan-explicaciones-al-ministerio-de-capital-humano-por-el-reparto-arbitrario-y-discriminatorio-de-alimentos","status":"publish","type":"post","link":"https:\/\/defensoriaformosa.gob.ar\/?p=15322","title":{"rendered":"SOLICITAN EXPLICACIONES AL MINISTERIO DE CAPITAL HUMANO POR EL REPARTO ARBITRARIO Y DISCRIMINATORIO DE ALIMENTOS"},"content":{"rendered":"<p><strong><em>-Las Provincias que m\u00e1s alimentos recibir\u00e1n, son las gobernadas por aliados del Estado Nacional, quedando el resto totalmente marginadas, as\u00ed como importantes ciudades donde los camiones del Ej\u00e9rcito Argentino no llegar\u00e1n con los alimentos que demandan los sectores m\u00e1s vulnerables de nuestra sociedad-<\/em><\/strong><\/p>\n<p><!--more--><\/p>\n<p>Desde la Defensor\u00eda del Pueblo de la Provincia de Formosa, <strong>se solicit\u00f3 formalmente y con car\u00e1cter urgente, al Ministerio de Capital Humano a cargo de Sandra Pettovello, los fundamentos y explicaciones de los motivos o causas por las cuales la Provincia de Formosa qued\u00f3 totalmente marginada del reparto de alimentos, luego que el Juez Sebasti\u00e1n Casanello intimara al Gobierno Nacional de Javier Milei a activar el reparto de los mismos y que se encontraban en dep\u00f3sitos a punto de vencer. <\/strong>El Ombudsman Provincial, Dr. Jos\u00e9 Leonardo Gialluca, calific\u00f3 a la medida como <strong>discriminatoria y obscena<\/strong>, m\u00e1s a\u00fan cuando luego de conocerse el relevamiento de datos realizado y compartido por el <strong>Observatorio de la Deuda Social Argentina de la Universidad Cat\u00f3lica Argentina (ODSA-UCA)<\/strong>, <strong>revelando que la pobreza durante el primer trimestre del 2024 ha llegado al 55,5% de la poblaci\u00f3n, mientras que la indigencia alcanz\u00f3 al 17,5% de las personas<\/strong>. <strong><u>Los porcentajes se atribuyen en gran parte al impacto de la inflaci\u00f3n de los \u00faltimos meses y a la suba en el rubro alimentos que afect\u00f3 a los estratos m\u00e1s bajos de la sociedad.<\/u> <\/strong>El mismo estudio asegur\u00f3 que unos 7,8 millones de personas est\u00e1n en un estado de pobreza extrema o indigencia, por debajo de la canasta b\u00e1sica alimentaria (CBA). Asimismo, la inseguridad alimentaria total para \u00e1reas urbanas relevadas por la encuesta del ODSA-UCA, alcanza al 24,7% de las personas, al 20,8% de los hogares y al 32,2% de los ni\u00f1as, ni\u00f1os y adolescentes. El Funcionario Provincial, se\u00f1al\u00f3 que, esta no es una <strong>\u201ccuesti\u00f3n pol\u00edtica no judiciable\u201d<\/strong> como nos quieren hacer creer, ya que esos alimentos se adquirieron con fondos del Estado y conoci\u00e9ndose las necesidades que est\u00e1n pasando millones de hogares, se los mantuvo almacenados, <strong>sin que<\/strong> <strong>la Secretaria de Ni\u00f1ez, Adolescencia y Familia del Ministerio de Capital Humano tampoco actuara con diligencia, existiendo entonces la posibilidad de una posible comisi\u00f3n de delitos en ejercicio de sus funciones o por cr\u00edmenes comunes conforme el art. 53 de la Constituci\u00f3n Nacional, que deber\u00e1 ser investigado por la Justicia y el Congreso de la Naci\u00f3n. <\/strong><\/p>\n","protected":false},"excerpt":{"rendered":"<p>-Las Provincias que m\u00e1s alimentos recibir\u00e1n, son las gobernadas por aliados del Estado Nacional, quedando el resto totalmente marginadas, as\u00ed como importantes ciudades donde los camiones del Ej\u00e9rcito Argentino no llegar\u00e1n con los alimentos que demandan los sectores m\u00e1s vulnerables de nuestra sociedad-<\/p>\n","protected":false},"author":2,"featured_media":15323,"comment_status":"closed","ping_status":"closed","sticky":false,"template":"","format":"standard","meta":{"footnotes":""},"categories":[1],"tags":[],"class_list":["post-15322","post","type-post","status-publish","format-standard","has-post-thumbnail","hentry","category-noticias"],"_links":{"self":[{"href":"https:\/\/defensoriaformosa.gob.ar\/index.php?rest_route=\/wp\/v2\/posts\/15322","targetHints":{"allow":["GET"]}}],"collection":[{"href":"https:\/\/defensoriaformosa.gob.ar\/index.php?rest_route=\/wp\/v2\/posts"}],"about":[{"href":"https:\/\/defensoriaformosa.gob.ar\/index.php?rest_route=\/wp\/v2\/types\/post"}],"author":[{"embeddable":true,"href":"https:\/\/defensoriaformosa.gob.ar\/index.php?rest_route=\/wp\/v2\/users\/2"}],"replies":[{"embeddable":true,"href":"https:\/\/defensoriaformosa.gob.ar\/index.php?rest_route=%2Fwp%2Fv2%2Fcomments&post=15322"}],"version-history":[{"count":1,"href":"https:\/\/defensoriaformosa.gob.ar\/index.php?rest_route=\/wp\/v2\/posts\/15322\/revisions"}],"predecessor-version":[{"id":15324,"href":"https:\/\/defensoriaformosa.gob.ar\/index.php?rest_route=\/wp\/v2\/posts\/15322\/revisions\/15324"}],"wp:featuredmedia":[{"embeddable":true,"href":"https:\/\/defensoriaformosa.gob.ar\/index.php?rest_route=\/wp\/v2\/media\/15323"}],"wp:attachment":[{"href":"https:\/\/defensoriaformosa.gob.ar\/index.php?rest_route=%2Fwp%2Fv2%2Fmedia&parent=15322"}],"wp:term":[{"taxonomy":"category","embeddable":true,"href":"https:\/\/defensoriaformosa.gob.ar\/index.php?rest_route=%2Fwp%2Fv2%2Fcategories&post=15322"},{"taxonomy":"post_tag","embeddable":true,"href":"https:\/\/defensoriaformosa.gob.ar\/index.php?rest_route=%2Fwp%2Fv2%2Ftags&post=15322"}],"curies":[{"name":"wp","href":"https:\/\/api.w.org\/{rel}","templated":true}]}}