{"id":15319,"date":"2024-06-03T17:58:53","date_gmt":"2024-06-03T20:58:53","guid":{"rendered":"https:\/\/defensoriaformosa.gob.ar\/?p=15319"},"modified":"2024-06-03T17:58:53","modified_gmt":"2024-06-03T20:58:53","slug":"la-defensoria-obtuvo-medida-cautelar-a-favor-de-paciente-trasplantado","status":"publish","type":"post","link":"https:\/\/defensoriaformosa.gob.ar\/?p=15319","title":{"rendered":"LA DEFENSORIA OBTUVO MEDIDA CAUTELAR A FAVOR DE PACIENTE TRASPLANTADO"},"content":{"rendered":"<p><strong><em>-El mismo, en el a\u00f1o 2017, se someti\u00f3 a un doble trasplante en el H.A.C. de nuestra Provincia, habiendo estado durante a\u00f1os en Lista de Emergencia Nacional del INCUCAI, por lo que, a partir de ahora se le deber\u00e1 hacer entrega de todos los medicamentos e insumos necesarios como paciente inmunodeprimido que requiere tratamiento de por vida-<\/em><\/strong><!--more--><\/p>\n<p>El Defensor del Pueblo de la Provincia de Formosa, Dr. Jos\u00e9 Leonardo Gialluca, <strong>se\u00f1al\u00f3 que, como consecuencia del grav\u00edsimo desfinanciamiento en las prestaciones del Plan Federal Incluir Salud \u2013 Ex Profe, que depende de la ANDIS -Agencia Nacional de Discapacidad- y estos a su vez, del Jefe de Gabinete de Ministros a cargo del Dr. Guillermo Alberto Francos, se interpuso una medida judicial a favor del ciudadano V.O.D., la cual obtuvo del Juzgado Civil y Comercial N\u00ba 6 de la 1\u00ba Circunscripci\u00f3n Judicial, resultado favorable. <\/strong>El Funcionario Provincial explic\u00f3 que, Incluir Salud es un Programa Nacional que depende de la Agencia Nacional de Discapacidad (ANDIS) y fue creado para enviar una c\u00e1pita mensual a cada Ministerio de Salud P\u00fablica para la provisi\u00f3n de medicamentos y tratamientos de las personas con discapacidad, en nuestro caso ser\u00eda el Ministerio de Desarrollo Humano, <strong>el cual enfrenta actualmente las consecuencias de la desfinanciaci\u00f3n, toda vez que el Gobierno Nacional se desentiende de los gastos de salud y dem\u00e1s prestaciones que conforme la Ley Nacional N\u00ba 24.901, debe cubrir con car\u00e1cter obligatorio e integral en un 100% a favor de titulares de Pensiones Nacionales No Contributivas (PNC), personas con discapacidad y otros sectores altamente vulnerables. <\/strong>Es por ello que, Institucionalmente, nos oponemos al nuevo Proyecto del Gobierno Nacional promovido por la Agencia Nacional de Discapacidad (ANDIS), que busca eliminar el Sistema \u00danico de Prestaciones B\u00e1sicas, un nomenclador que establece precios uniformes para obras sociales, PAMI e Incluir Salud. Esta desregulaci\u00f3n permitir\u00eda que cada organismo financiador establezca el arancel que considere conveniente, gener\u00e1ndose una marcada desigualdad en la calidad de los servicios ofrecidos. \u201c<strong><em>De efectivizarse esta medida, se agravar\u00e1 la ya importante crisis econ\u00f3mica de los prestadores categorizados que tienen que cumplir con una serie de exigencias impuestas por el Estado<\/em><\/strong>\u201d. Es inadmisible este ajuste en discapacidad y salud que pretende que prepagas y obras sociales determinen libremente los costos de los servicios sanitarios, desplazando la responsabilidad regulatoria del Estado. <strong>Gialluca, \u201cse\u00f1al\u00f3 que, si bien es cierto que la ley tiene aspectos que se pueden mejorar, pues las obras sociales y las prepagas vienen planteando problemas en relaci\u00f3n a los costos que deben enfrentar, correr al Estado de todo y que venga solo el Mercado, har\u00e1 que en este contexto donde 8 de cada 10 personas con discapacidad que viven en condiciones de vulnerabilidad econ\u00f3mica, vean agravado negativamente sus condiciones de existencia\u201d.<\/strong> Por \u00faltimo, a\u00f1adi\u00f3 que, algo que no se dice es que el proyecto de eliminaci\u00f3n del monotributo social que permite a las personas con o sin pensi\u00f3n, pero sin obra social, acceder a atenci\u00f3n m\u00e9dica, de ahora en adelante no la tendr\u00e1n, <strong>\u201cy vemos c\u00f3mo actualmente muchas madres est\u00e1n sacando a sus hijos del monotributo social y solo dejan a los ni\u00f1os con discapacidad para poder hacer frente a los altos costos\u201d, por lo que de prosperar la desregulaci\u00f3n promovida por la ANDIS, millones de personas quedar\u00e1n fuera del sistema sin atenci\u00f3n m\u00e9dica por parte del Estado Nacional y obligando a los Estados Provinciales a hacerse cargo, incluyendo a estos d\u00e9biles colectivos con fondos propios y vulnerando la Ley N\u00ba 24.901.<\/strong><\/p>\n","protected":false},"excerpt":{"rendered":"<p>-El mismo, en el a\u00f1o 2017, se someti\u00f3 a un doble trasplante en el H.A.C. de nuestra Provincia, habiendo estado durante a\u00f1os en Lista de Emergencia Nacional del INCUCAI, por lo que, a partir de ahora se le deber\u00e1 hacer entrega de todos los medicamentos e insumos necesarios como paciente inmunodeprimido que requiere tratamiento de [&hellip;]<\/p>\n","protected":false},"author":2,"featured_media":15320,"comment_status":"closed","ping_status":"closed","sticky":false,"template":"","format":"standard","meta":{"footnotes":""},"categories":[1],"tags":[],"class_list":["post-15319","post","type-post","status-publish","format-standard","has-post-thumbnail","hentry","category-noticias"],"_links":{"self":[{"href":"https:\/\/defensoriaformosa.gob.ar\/index.php?rest_route=\/wp\/v2\/posts\/15319","targetHints":{"allow":["GET"]}}],"collection":[{"href":"https:\/\/defensoriaformosa.gob.ar\/index.php?rest_route=\/wp\/v2\/posts"}],"about":[{"href":"https:\/\/defensoriaformosa.gob.ar\/index.php?rest_route=\/wp\/v2\/types\/post"}],"author":[{"embeddable":true,"href":"https:\/\/defensoriaformosa.gob.ar\/index.php?rest_route=\/wp\/v2\/users\/2"}],"replies":[{"embeddable":true,"href":"https:\/\/defensoriaformosa.gob.ar\/index.php?rest_route=%2Fwp%2Fv2%2Fcomments&post=15319"}],"version-history":[{"count":1,"href":"https:\/\/defensoriaformosa.gob.ar\/index.php?rest_route=\/wp\/v2\/posts\/15319\/revisions"}],"predecessor-version":[{"id":15321,"href":"https:\/\/defensoriaformosa.gob.ar\/index.php?rest_route=\/wp\/v2\/posts\/15319\/revisions\/15321"}],"wp:featuredmedia":[{"embeddable":true,"href":"https:\/\/defensoriaformosa.gob.ar\/index.php?rest_route=\/wp\/v2\/media\/15320"}],"wp:attachment":[{"href":"https:\/\/defensoriaformosa.gob.ar\/index.php?rest_route=%2Fwp%2Fv2%2Fmedia&parent=15319"}],"wp:term":[{"taxonomy":"category","embeddable":true,"href":"https:\/\/defensoriaformosa.gob.ar\/index.php?rest_route=%2Fwp%2Fv2%2Fcategories&post=15319"},{"taxonomy":"post_tag","embeddable":true,"href":"https:\/\/defensoriaformosa.gob.ar\/index.php?rest_route=%2Fwp%2Fv2%2Ftags&post=15319"}],"curies":[{"name":"wp","href":"https:\/\/api.w.org\/{rel}","templated":true}]}}