{"id":15313,"date":"2024-06-02T23:35:50","date_gmt":"2024-06-03T02:35:50","guid":{"rendered":"https:\/\/defensoriaformosa.gob.ar\/?p=15313"},"modified":"2024-06-02T23:35:50","modified_gmt":"2024-06-03T02:35:50","slug":"reclaman-al-gobierno-nacional-de-marcha-atras-con-la-quita-de-subsidios-en-la-energia-electrica","status":"publish","type":"post","link":"https:\/\/defensoriaformosa.gob.ar\/?p=15313","title":{"rendered":"RECLAMAN AL GOBIERNO NACIONAL DE MARCHA ATRAS CON LA QUITA DE SUBSIDIOS EN LA ENERGIA ELECTRICA"},"content":{"rendered":"<p>El Defensor del Pueblo de la Provincia de Formosa, Dr. Jos\u00e9 Leonardo Gialluca, <strong>le solicit\u00f3 al actual Ministro de Econom\u00eda, Lic. Luis Andr\u00e9s Caputo y al Secretario de Energ\u00eda, Dr. Eduardo Javier R. Chirillo, dejen sin efecto la aplicaci\u00f3n del Decreto N\u00ba 465\/24, mediante el cual se les quita los subsidios a los servicios de energ\u00eda el\u00e9ctrica a los usuarios de ingresos bajos y medios. <\/strong>El Funcionario Provincial, <strong>denunci\u00f3<\/strong> que, esta es una medida que provocar\u00e1 que miles de usuarias y usuarios caigan en lo que se llama <strong>pobreza energ\u00e9tica<\/strong>, ya que quedan totalmente desamparados a la hora de pagar las facturas, lo cual, en un contexto de crisis y aumentos generalizados, deber\u00eda no aplicarse y evitar as\u00ed mayores penurias a las familias argentinas. En el requerimiento, se le peticion\u00f3 a la Secretar\u00eda de Energ\u00eda informe el n\u00famero de usuarias y usuarios que ser\u00edan alcanzados por este nuevo esquema, que nivela desde junio a los de ingresos bajos y medios (N2 y N3) con los de ingresos altos (N1). Se fundament\u00f3 que los costos de las tarifas de los servicios p\u00fablicos esenciales deben tener una naturaleza no confiscatoria y valores que sean racionales y proporcionales para que las personas no sean la \u00fanica variable de ajuste. Es que, con este nuevo Decreto, el Gobierno Nacional de Javier Milei, busca reducir gradualmente los subsidios en las boletas de luz y gas para \u00abtrasladar los costos reales\u00bb a los usuarios, medida que se aplicar\u00e1 desde el 1 de junio hasta el 30 de noviembre y podr\u00e1 ser prorrogada una \u00fanica vez.<\/p>\n","protected":false},"excerpt":{"rendered":"<p>El Defensor del Pueblo de la Provincia de Formosa, Dr. Jos\u00e9 Leonardo Gialluca, le solicit\u00f3 al actual Ministro de Econom\u00eda, Lic. Luis Andr\u00e9s Caputo y al Secretario de Energ\u00eda, Dr. Eduardo Javier R. Chirillo, dejen sin efecto la aplicaci\u00f3n del Decreto N\u00ba 465\/24, mediante el cual se les quita los subsidios a los servicios de [&hellip;]<\/p>\n","protected":false},"author":2,"featured_media":15314,"comment_status":"closed","ping_status":"closed","sticky":false,"template":"","format":"standard","meta":{"footnotes":""},"categories":[1],"tags":[],"class_list":["post-15313","post","type-post","status-publish","format-standard","has-post-thumbnail","hentry","category-noticias"],"_links":{"self":[{"href":"https:\/\/defensoriaformosa.gob.ar\/index.php?rest_route=\/wp\/v2\/posts\/15313","targetHints":{"allow":["GET"]}}],"collection":[{"href":"https:\/\/defensoriaformosa.gob.ar\/index.php?rest_route=\/wp\/v2\/posts"}],"about":[{"href":"https:\/\/defensoriaformosa.gob.ar\/index.php?rest_route=\/wp\/v2\/types\/post"}],"author":[{"embeddable":true,"href":"https:\/\/defensoriaformosa.gob.ar\/index.php?rest_route=\/wp\/v2\/users\/2"}],"replies":[{"embeddable":true,"href":"https:\/\/defensoriaformosa.gob.ar\/index.php?rest_route=%2Fwp%2Fv2%2Fcomments&post=15313"}],"version-history":[{"count":1,"href":"https:\/\/defensoriaformosa.gob.ar\/index.php?rest_route=\/wp\/v2\/posts\/15313\/revisions"}],"predecessor-version":[{"id":15315,"href":"https:\/\/defensoriaformosa.gob.ar\/index.php?rest_route=\/wp\/v2\/posts\/15313\/revisions\/15315"}],"wp:featuredmedia":[{"embeddable":true,"href":"https:\/\/defensoriaformosa.gob.ar\/index.php?rest_route=\/wp\/v2\/media\/15314"}],"wp:attachment":[{"href":"https:\/\/defensoriaformosa.gob.ar\/index.php?rest_route=%2Fwp%2Fv2%2Fmedia&parent=15313"}],"wp:term":[{"taxonomy":"category","embeddable":true,"href":"https:\/\/defensoriaformosa.gob.ar\/index.php?rest_route=%2Fwp%2Fv2%2Fcategories&post=15313"},{"taxonomy":"post_tag","embeddable":true,"href":"https:\/\/defensoriaformosa.gob.ar\/index.php?rest_route=%2Fwp%2Fv2%2Ftags&post=15313"}],"curies":[{"name":"wp","href":"https:\/\/api.w.org\/{rel}","templated":true}]}}