{"id":15310,"date":"2024-06-02T20:35:30","date_gmt":"2024-06-02T23:35:30","guid":{"rendered":"https:\/\/defensoriaformosa.gob.ar\/?p=15310"},"modified":"2024-06-02T20:35:30","modified_gmt":"2024-06-02T23:35:30","slug":"obtienen-bonificaciones-del-100-en-el-servicio-de-internet-y-del-70-durante-12-meses-para-2-lineas-telefonicas-moviles-a-favor-de-usuaria","status":"publish","type":"post","link":"https:\/\/defensoriaformosa.gob.ar\/?p=15310","title":{"rendered":"OBTIENEN BONIFICACIONES DEL 100% EN EL SERVICIO DE INTERNET Y DEL 70% DURANTE 12 MESES PARA 2 LINEAS TELEFONICAS MOVILES A FAVOR DE USUARIA"},"content":{"rendered":"<p><strong><em>-Gialluca volvi\u00f3 a denunciar que las empresas de telefon\u00eda m\u00f3vil e internet, imponen a los usuarios tarifas impagables y donde la desregulaci\u00f3n econ\u00f3mica y legal que lleva adelante el Gobierno Nacional, est\u00e1 dejando a millones de familias sin acceso a estos servicios que en la actualidad son esenciales para trabajar, estudiar o comunicarse-<\/em><\/strong><\/p>\n<p><!--more--><\/p>\n<p>El Defensor del Pueblo de la Provincia de Formosa, Dr. Jos\u00e9 Leonardo Gialluca, <strong>inform\u00f3 que luego del reclamo de una usuaria de Telecom Argentina S.A., por aumentos desmedidos e injustificados en sus facturaciones de telefon\u00eda m\u00f3vil e internet, la antes citada identificada como BAM, <em>\u201cobtuvo un Acuerdo Conciliatorio, por el cual, la empresa prestataria bonific\u00f3 el 100% del servicio de internet por 12 meses de 50mb, as\u00ed tambi\u00e9n, se logr\u00f3 la compensaci\u00f3n del 70% de descuento por igual t\u00e9rmino para 2 l\u00edneas telef\u00f3nicas m\u00f3viles\u201d<\/em><\/strong>. En este sentido, el Funcionario Provincial, <strong>advirti\u00f3 a todos los usuarios que, <\/strong>con una inflaci\u00f3n que sigue en niveles altos, pese a la leve desaceleraci\u00f3n de las \u00faltimas semanas con algunos aumentos de tarifas pisadas, este mes de junio arranca con actualizaciones en los servicios de nafta, cable, celular, luz y gas, adem\u00e1s del precio de los alimentos. En lo que respecta a <strong>alquileres<\/strong>, los contratos que hayan sido firmados en el marco de la Ley de Alquileres tendr\u00e1n un aumento del 233,7% en junio porque corresponde la actualizaci\u00f3n del precio anual a trav\u00e9s del \u00cdndice de Contratos de Locaci\u00f3n (ICL). Dicho procedimiento se debe cumplir hasta terminar el contrato, aunque la norma haya sido derogada por el Gobierno Nacional de Javier Milei. La disposici\u00f3n alcanza a los alquileres iniciados entre el 1\u00ba de julio del 2020 y el 17 de octubre del 2023. Por \u00faltimo, solicit\u00f3 a todos los usuarios y consumidores que se encuentren con inconvenientes para abonar facturas de servicios p\u00fablicos esenciales, <strong>concurran o se comuniquen con este Organismo de la Constituci\u00f3n a los correos electr\u00f3nicos Institucionales <\/strong><a href=\"mailto:denuncia@formosa.gov.ar\"><strong>denuncia@formosa.gov.ar<\/strong><\/a><strong> \u2013 <\/strong><a href=\"mailto:depuefor@fibertel.com.ar\"><strong>depuefor@fibertel.com.ar<\/strong><\/a><strong> o al 0800 444 1770 \u2013 370 4 436379.<\/strong><\/p>\n","protected":false},"excerpt":{"rendered":"<p>-Gialluca volvi\u00f3 a denunciar que las empresas de telefon\u00eda m\u00f3vil e internet, imponen a los usuarios tarifas impagables y donde la desregulaci\u00f3n econ\u00f3mica y legal que lleva adelante el Gobierno Nacional, est\u00e1 dejando a millones de familias sin acceso a estos servicios que en la actualidad son esenciales para trabajar, estudiar o comunicarse-<\/p>\n","protected":false},"author":2,"featured_media":15311,"comment_status":"closed","ping_status":"closed","sticky":false,"template":"","format":"standard","meta":{"footnotes":""},"categories":[1],"tags":[],"class_list":["post-15310","post","type-post","status-publish","format-standard","has-post-thumbnail","hentry","category-noticias"],"_links":{"self":[{"href":"https:\/\/defensoriaformosa.gob.ar\/index.php?rest_route=\/wp\/v2\/posts\/15310","targetHints":{"allow":["GET"]}}],"collection":[{"href":"https:\/\/defensoriaformosa.gob.ar\/index.php?rest_route=\/wp\/v2\/posts"}],"about":[{"href":"https:\/\/defensoriaformosa.gob.ar\/index.php?rest_route=\/wp\/v2\/types\/post"}],"author":[{"embeddable":true,"href":"https:\/\/defensoriaformosa.gob.ar\/index.php?rest_route=\/wp\/v2\/users\/2"}],"replies":[{"embeddable":true,"href":"https:\/\/defensoriaformosa.gob.ar\/index.php?rest_route=%2Fwp%2Fv2%2Fcomments&post=15310"}],"version-history":[{"count":1,"href":"https:\/\/defensoriaformosa.gob.ar\/index.php?rest_route=\/wp\/v2\/posts\/15310\/revisions"}],"predecessor-version":[{"id":15312,"href":"https:\/\/defensoriaformosa.gob.ar\/index.php?rest_route=\/wp\/v2\/posts\/15310\/revisions\/15312"}],"wp:featuredmedia":[{"embeddable":true,"href":"https:\/\/defensoriaformosa.gob.ar\/index.php?rest_route=\/wp\/v2\/media\/15311"}],"wp:attachment":[{"href":"https:\/\/defensoriaformosa.gob.ar\/index.php?rest_route=%2Fwp%2Fv2%2Fmedia&parent=15310"}],"wp:term":[{"taxonomy":"category","embeddable":true,"href":"https:\/\/defensoriaformosa.gob.ar\/index.php?rest_route=%2Fwp%2Fv2%2Fcategories&post=15310"},{"taxonomy":"post_tag","embeddable":true,"href":"https:\/\/defensoriaformosa.gob.ar\/index.php?rest_route=%2Fwp%2Fv2%2Ftags&post=15310"}],"curies":[{"name":"wp","href":"https:\/\/api.w.org\/{rel}","templated":true}]}}