{"id":15307,"date":"2024-06-01T17:16:37","date_gmt":"2024-06-01T20:16:37","guid":{"rendered":"https:\/\/defensoriaformosa.gob.ar\/?p=15307"},"modified":"2024-06-01T17:16:37","modified_gmt":"2024-06-01T20:16:37","slug":"audiencia-publica-exigen-al-gobierno-nacional-cumpla-con-su-obligacion-de-poner-en-condiciones-la-rn-no-11-y-reanude-obras-paralizadas","status":"publish","type":"post","link":"https:\/\/defensoriaformosa.gob.ar\/?p=15307","title":{"rendered":"AUDIENCIA PUBLICA EXIGEN AL GOBIERNO NACIONAL CUMPLA CON SU OBLIGACION DE PONER EN CONDICIONES LA RN N\u00ba 11 Y REANUDE OBRAS PARALIZADAS"},"content":{"rendered":"<p><strong><em>-Gialluca demand\u00f3 que, el Estado Nacional vincule a la Provincia de Formosa con la Red Ferroviaria, no solo reactivando el Ramal C-25 Belgrano Cargas, sino tambi\u00e9n, cubriendo los 174 km que nos separan de la Ciudad de Resistencia, obra esta que redundar\u00e1 en mayor seguridad vial y en una disminuci\u00f3n de los costos transportados. Se solicit\u00f3 reparaci\u00f3n integral del \u201cPuente Blanco\u201d y la construcci\u00f3n de otra infraestructura paralela que permita circular motoveh\u00edculos, veh\u00edculos livianos, junto a transportes de personas y cargas, de manera segura, para lo cual se calific\u00f3 al antes citado \u201ccomo un puente peligroso y viejo que no cubre las demandas de los vecinos de la ciudad y menos a\u00fan las necesidades de los camiones y los colectivos que circulan esta traza nacional\u201d-<!--more--><\/em><\/strong><\/p>\n<p>La C\u00e1mara de Diputados de la Provincia de Santa Fe fue el escenario de una &#8211;<strong>Audiencia P\u00fablica<\/strong>&#8211;\u00a0 donde se debati\u00f3 el deplorable estado de la Ruta Nacional N\u00ba 11 y la falta de obras por parte del gobierno nacional, as\u00ed como la paralizaci\u00f3n de otras que se encuentran con un avance de pr\u00e1cticamente 75% y se desconoce el futuro de las mismas. La situaci\u00f3n de la nombrada, que atraviesa las Provincias de Santa Fe, Chaco y Formosa, sigue siendo motivo de preocupaci\u00f3n y reclamo por parte de usuarios, empresarios, sindicatos y otros estamentos, <strong>que exigen que esta traza nacional sea reparada de manera urgente con fondos del Ministerio de Econom\u00eda de Naci\u00f3n y a trav\u00e9s de Vialidad Nacional o empresas que reanuden obras actualmente paralizadas. La misma estuvo presidida por la Dra. Clara Garc\u00eda, Presidenta de la C\u00e1mara y los Diputados Provinciales Dr. Pablo Far\u00edas, Dr. Sergio Rojas, CPN Dionisio Scarp\u00edn y la Lic. Mar\u00eda del Rosario Mancini.<\/strong><\/p>\n<p>El Defensor del Pueblo de la Provincia de Formosa, <strong>Dr. Jos\u00e9 Leonardo Gialluca<\/strong>, presente en la misma, <strong>expres\u00f3 <\/strong>que los actuales deterioros si bien no se han originado en los \u00faltimos seis meses, <strong><em>\u201cno menos cierto es que, al no contarse con respuestas concretas del Gobierno Nacional, advertimos que esta traza podr\u00eda acabar inutilizada por tiempo indefinido, cayendo la misma en desuso y con ello tendr\u00edamos aislamientos que no podemos permitir, pues ello va en contra de los derechos y garant\u00edas constitucionales de miles de usuarios que la transitan diariamente y que necesitan que la misma posea una transitabilidad segura los 365 d\u00edas del a\u00f1o, para evitar mayores n\u00fameros de siniestros viales y p\u00e9rdidas econ\u00f3micas cuantiosas a veh\u00edculos de empresas y pymes que trasladan sus productos por la misma\u201d. <\/em><\/strong><\/p>\n<p>A su turno, el Ministro de Obras P\u00fablicas, <strong>Lisandro Enrico<\/strong>, <strong><em>\u201chizo una diferencia se\u00f1alando que una cosa es que el gobierno nacional plantee por motivos econ\u00f3micos y por la posici\u00f3n que tiene, no hacer obra p\u00fablica y otra muy distinta es desentenderse del mantenimiento de la infraestructura vial que es una obligaci\u00f3n legal del mismo\u201d<\/em>, <\/strong>sum\u00e1ndose la diputada Mar\u00eda del Rosario Mancini, quien se\u00f1al\u00f3 que la situaci\u00f3n \u00abno da para m\u00e1s\u00bb y \u00abes urgente\u00bb que se tomen medidas para mejorar el estado de la ruta. \u00abEstamos reclamando que se hagan los bacheos para que podamos transitar seguros por la arteria, que es nacional e internacional. Est\u00e1 en un total estado de deterioro y abandono, ya no podemos salir los d\u00edas de lluvia con tormenta, y no hay se\u00f1alizaci\u00f3n\u00bb, enumer\u00f3. Anticip\u00f3 que, si es necesario, un grupo de diputados viajar\u00e1 a Buenos Aires \u00abpara levantar las voces por nuestros derechos, por las vidas que se perdieron y para que no haya ning\u00fan accidente m\u00e1s en la Ruta Nacional N\u00b011\u00bb. Durante la audiencia p\u00fablica, numerosos vecinos, Intendentes, Presidentes Comunales y referentes de las localidades afectadas por el mal estado de la ruta expresaron su preocupaci\u00f3n y bronca. \u00abEs una verg\u00fcenza que una ruta nacional est\u00e9 en este estado\u00bb. \u00abNecesitamos que el gobierno nacional se haga cargo de su responsabilidad y la repare de una vez\u00bb. La Audiencia P\u00fablica concluy\u00f3 con un petitorio dirigido al gobierno nacional en el que se exige la realizaci\u00f3n de obras urgentes en la Ruta 11 y la reanudaci\u00f3n de las paralizadas, el mismo ser\u00e1 entregado a las autoridades nacionales en los pr\u00f3ximos d\u00edas.<\/p>\n","protected":false},"excerpt":{"rendered":"<p>-Gialluca demand\u00f3 que, el Estado Nacional vincule a la Provincia de Formosa con la Red Ferroviaria, no solo reactivando el Ramal C-25 Belgrano Cargas, sino tambi\u00e9n, cubriendo los 174 km que nos separan de la Ciudad de Resistencia, obra esta que redundar\u00e1 en mayor seguridad vial y en una disminuci\u00f3n de los costos transportados. Se [&hellip;]<\/p>\n","protected":false},"author":2,"featured_media":15308,"comment_status":"closed","ping_status":"closed","sticky":false,"template":"","format":"standard","meta":{"footnotes":""},"categories":[1],"tags":[],"class_list":["post-15307","post","type-post","status-publish","format-standard","has-post-thumbnail","hentry","category-noticias"],"_links":{"self":[{"href":"https:\/\/defensoriaformosa.gob.ar\/index.php?rest_route=\/wp\/v2\/posts\/15307","targetHints":{"allow":["GET"]}}],"collection":[{"href":"https:\/\/defensoriaformosa.gob.ar\/index.php?rest_route=\/wp\/v2\/posts"}],"about":[{"href":"https:\/\/defensoriaformosa.gob.ar\/index.php?rest_route=\/wp\/v2\/types\/post"}],"author":[{"embeddable":true,"href":"https:\/\/defensoriaformosa.gob.ar\/index.php?rest_route=\/wp\/v2\/users\/2"}],"replies":[{"embeddable":true,"href":"https:\/\/defensoriaformosa.gob.ar\/index.php?rest_route=%2Fwp%2Fv2%2Fcomments&post=15307"}],"version-history":[{"count":1,"href":"https:\/\/defensoriaformosa.gob.ar\/index.php?rest_route=\/wp\/v2\/posts\/15307\/revisions"}],"predecessor-version":[{"id":15309,"href":"https:\/\/defensoriaformosa.gob.ar\/index.php?rest_route=\/wp\/v2\/posts\/15307\/revisions\/15309"}],"wp:featuredmedia":[{"embeddable":true,"href":"https:\/\/defensoriaformosa.gob.ar\/index.php?rest_route=\/wp\/v2\/media\/15308"}],"wp:attachment":[{"href":"https:\/\/defensoriaformosa.gob.ar\/index.php?rest_route=%2Fwp%2Fv2%2Fmedia&parent=15307"}],"wp:term":[{"taxonomy":"category","embeddable":true,"href":"https:\/\/defensoriaformosa.gob.ar\/index.php?rest_route=%2Fwp%2Fv2%2Fcategories&post=15307"},{"taxonomy":"post_tag","embeddable":true,"href":"https:\/\/defensoriaformosa.gob.ar\/index.php?rest_route=%2Fwp%2Fv2%2Ftags&post=15307"}],"curies":[{"name":"wp","href":"https:\/\/api.w.org\/{rel}","templated":true}]}}