{"id":15304,"date":"2024-05-31T18:55:48","date_gmt":"2024-05-31T21:55:48","guid":{"rendered":"https:\/\/defensoriaformosa.gob.ar\/?p=15304"},"modified":"2024-05-31T18:55:48","modified_gmt":"2024-05-31T21:55:48","slug":"se-convocara-al-municipio-a-la-proxima-reunion-del-consejo-de-seguridad-vial","status":"publish","type":"post","link":"https:\/\/defensoriaformosa.gob.ar\/?p=15304","title":{"rendered":"SE CONVOCARA AL MUNICIPIO A LA PROXIMA REUNION DEL CONSEJO DE SEGURIDAD VIAL"},"content":{"rendered":"<p><strong><em>-La falta de informaci\u00f3n, sumada a la ausencia de una Campa\u00f1a de Concientizaci\u00f3n relacionada a las fotomultas, vienen originado situaciones de inseguridad jur\u00eddica y abusos hacia los usuarios de la v\u00eda p\u00fablica. Durante el denominado \u201cPeriodo de Adaptaci\u00f3n\u201d, se han cobrado infracciones y las mismas aparecen asentadas en las bases de los Registros de Propiedad del Automotor, por lo que, corresponde transparentar el sistema implementado-<\/em><\/strong><\/p>\n<p><!--more--><\/p>\n<p>Se concret\u00f3 una &#8211;<strong>Reuni\u00f3n de Trabajo<\/strong>&#8211; en la Sede de la Defensor\u00eda del Pueblo de la Provincia de Formosa y de la cual participaron el Crio. Gral. <strong>Miguel \u00c1ngel Bres -Director General de la Polic\u00eda de Seguridad Vial-<\/strong> y el Subcomisario <strong>Manuel Pinto<\/strong>, adem\u00e1s del Titular del Organismo de la Constituci\u00f3n el Dr. Jos\u00e9 Leonardo Gialluca, el Secretario Letrado, Dr. Jos\u00e9 P. Garc\u00eda y un grupo de Asesores Legales. <strong>En la misma, se coordin\u00f3 informar a todos los usuarios de la Av. Ribere\u00f1a de la Ciudad Capital que, <em>\u201csi bien a partir del jueves 30 \u00e9sta qued\u00f3 habilitada al tr\u00e1nsito, por ahora es \u00fanicamente para motoveh\u00edculos y veh\u00edculos livianos, por lo que, los transportes de carga no podr\u00e1n desplazarse por la citada, hasta tanto Vialidad Provincial culmine con los trabajos de reparaci\u00f3n sobre las cabeceras del Puente del Riacho Formosa entre otras, para dotar a toda la zona de una mayor seguridad vial\u201d. <\/em><\/strong>En este sentido, se mantendr\u00e1 una <strong>\u201cRegulaci\u00f3n Activa\u201d<\/strong> del tr\u00e1nsito con presencia policial, <strong>adem\u00e1s de solicit\u00e1rsele al Ing. Javier Caffa, Administrador de Vialidad Provincial, se proceda a la instalaci\u00f3n de se\u00f1al\u00e9tica y carteler\u00eda visible tambi\u00e9n lum\u00ednica, a fin de que los veh\u00edculos no ingresen al \u00e1rea destinada exclusivamente para la Ciclov\u00eda de la Maradona, donde un veh\u00edculo de la Provincia de Santa Fe transit\u00f3 la misma, ya que el GPS de Google Maps la se\u00f1ala como una v\u00eda de circulaci\u00f3n. <\/strong>Por otra parte, se acord\u00f3 que, para la pr\u00f3xima reuni\u00f3n del Consejo de Seguridad Vial Provincial, <strong>fijada para el d\u00eda martes 4 de junio a las 18:00 horas, se convoque al<\/strong> <strong>Subsecretario de Transporte y Emergencia, Dr. Jos\u00e9 A. Olmedo de la Municipalidad, <\/strong>toda vez que existe una gran desinformaci\u00f3n y desconocimiento de la normativa vigente relacionada con las <strong>Actas de Infracci\u00f3n<\/strong> por excesos de velocidad labradas mediante cinem\u00f3metros instalados dentro del ejido municipal, ubicados en las Avenidas Gendarmer\u00eda Nacional al 3800, Ribere\u00f1a al 900 y en Senador Emilio Tom\u00e1s al 2500, que originan situaciones de \u201c<strong>inseguridad jur\u00eddica<\/strong>\u201d, dado que infracciones constatadas en los periodos que van desde el 1 de noviembre del 2022 al 31 de octubre del 2023, <strong>aparecen asentadas en los Registros de Propiedad del Automotor en algunos casos y en otras han sido cobradas, cuando el mismo supuestamente era un -Periodo de Adaptaci\u00f3n- y hoy los vecinos solicitan el reintegro de las sumas pagadas. <\/strong>Asimismo, todo lo vinculado al procedimiento de notificaci\u00f3n fehaciente de las citadas infracciones, no cumplen con los requisitos de la Ley Nacional de Tr\u00e1nsito y Seguridad Vial N\u00ba 24.449, siendo necesario garantizar entonces, los derechos de los usuarios de la v\u00eda p\u00fablica, <strong>aunando acciones para una mayor seguridad vial y la consecuente disminuci\u00f3n de la siniestralidad en nuestro medio.<\/strong><\/p>\n","protected":false},"excerpt":{"rendered":"<p>-La falta de informaci\u00f3n, sumada a la ausencia de una Campa\u00f1a de Concientizaci\u00f3n relacionada a las fotomultas, vienen originado situaciones de inseguridad jur\u00eddica y abusos hacia los usuarios de la v\u00eda p\u00fablica. Durante el denominado \u201cPeriodo de Adaptaci\u00f3n\u201d, se han cobrado infracciones y las mismas aparecen asentadas en las bases de los Registros de Propiedad [&hellip;]<\/p>\n","protected":false},"author":2,"featured_media":15305,"comment_status":"closed","ping_status":"closed","sticky":false,"template":"","format":"standard","meta":{"footnotes":""},"categories":[1],"tags":[],"class_list":["post-15304","post","type-post","status-publish","format-standard","has-post-thumbnail","hentry","category-noticias"],"_links":{"self":[{"href":"https:\/\/defensoriaformosa.gob.ar\/index.php?rest_route=\/wp\/v2\/posts\/15304","targetHints":{"allow":["GET"]}}],"collection":[{"href":"https:\/\/defensoriaformosa.gob.ar\/index.php?rest_route=\/wp\/v2\/posts"}],"about":[{"href":"https:\/\/defensoriaformosa.gob.ar\/index.php?rest_route=\/wp\/v2\/types\/post"}],"author":[{"embeddable":true,"href":"https:\/\/defensoriaformosa.gob.ar\/index.php?rest_route=\/wp\/v2\/users\/2"}],"replies":[{"embeddable":true,"href":"https:\/\/defensoriaformosa.gob.ar\/index.php?rest_route=%2Fwp%2Fv2%2Fcomments&post=15304"}],"version-history":[{"count":1,"href":"https:\/\/defensoriaformosa.gob.ar\/index.php?rest_route=\/wp\/v2\/posts\/15304\/revisions"}],"predecessor-version":[{"id":15306,"href":"https:\/\/defensoriaformosa.gob.ar\/index.php?rest_route=\/wp\/v2\/posts\/15304\/revisions\/15306"}],"wp:featuredmedia":[{"embeddable":true,"href":"https:\/\/defensoriaformosa.gob.ar\/index.php?rest_route=\/wp\/v2\/media\/15305"}],"wp:attachment":[{"href":"https:\/\/defensoriaformosa.gob.ar\/index.php?rest_route=%2Fwp%2Fv2%2Fmedia&parent=15304"}],"wp:term":[{"taxonomy":"category","embeddable":true,"href":"https:\/\/defensoriaformosa.gob.ar\/index.php?rest_route=%2Fwp%2Fv2%2Fcategories&post=15304"},{"taxonomy":"post_tag","embeddable":true,"href":"https:\/\/defensoriaformosa.gob.ar\/index.php?rest_route=%2Fwp%2Fv2%2Ftags&post=15304"}],"curies":[{"name":"wp","href":"https:\/\/api.w.org\/{rel}","templated":true}]}}