{"id":15294,"date":"2024-05-27T18:44:57","date_gmt":"2024-05-27T21:44:57","guid":{"rendered":"https:\/\/defensoriaformosa.gob.ar\/?p=15294"},"modified":"2024-05-27T18:44:57","modified_gmt":"2024-05-27T21:44:57","slug":"buscan-mayor-descentralizacion-en-los-servicios-de-escucha-orientacion-acompanamiento-y-asesoramiento-a-las-victimas-de-violencia-de-genero","status":"publish","type":"post","link":"https:\/\/defensoriaformosa.gob.ar\/?p=15294","title":{"rendered":"BUSCAN MAYOR DESCENTRALIZACION EN LOS SERVICIOS DE ESCUCHA, ORIENTACION, ACOMPA\u00d1AMIENTO Y ASESORAMIENTO A LAS VICTIMAS DE VIOLENCIA DE GENERO"},"content":{"rendered":"<p>Se llev\u00f3 a cabo en la Sede de la Defensor\u00eda del Pueblo, una &#8211;<strong>Reuni\u00f3n de Trabajo<\/strong>-, en la cual participaron la Titular de la <strong>Secretaria de la Mujer, Lic. Mar\u00eda del Carmen Hermosilla<\/strong>, de la <strong>Asesor\u00eda Legal y T\u00e9cnica<\/strong> las Dras. Mirta Soil\u00e1n, Natalia Ver\u00f3n, Valeria Casco y la Psic\u00f3loga Patricia Martinetti, junto al Defensor del Pueblo Dr. Jos\u00e9 Leonardo Gialluca, la Defensora Adjunta Dra. Sylvina M. Portillo, el Representante de la Defensor\u00eda del Pueblo de la Naci\u00f3n en Formosa Dr. Julio Santander, las Asesoras Legales Dras. Andrea Barrios, Lourdes Delgadillo, Ana Laura G\u00f3mez y Mar\u00eda Laura Sosa. <strong>La Lic. Hermosilla<\/strong>, <strong>revel\u00f3<\/strong> que la violencia de g\u00e9nero es una tem\u00e1tica que abarca variadas aristas y que acarrea, adem\u00e1s, vulneraci\u00f3n a los derechos de identidad, salud, integridad, etc.; por ello, el abordaje que se lleva adelante es inclusivo, pudiendo extenderse a ni\u00f1as\/os, adolescentes y familias, en el caso de que hubiera involucrados en riesgo. Para ello, la atenci\u00f3n integral a las mujeres, se articula tambi\u00e9n con los espacios de &#8211;<strong>Encuentro de la Comunidad Organizada- (ECO),<\/strong> dependientes del Ministerio de la Comunidad. Se\u00f1al\u00e1ndose que, en nuestra ciudad, funcionan los d\u00edas mi\u00e9rcoles de manera alternada entre los Espacios ECO del <strong>Barrio Eva Per\u00f3n y del Barrio Lote Rural 111<\/strong>, facilit\u00e1ndose el acceso a todas aquellas personas que por falta de recursos econ\u00f3micos y\/o medios de movilidad, no pueden acercarse a la zona c\u00e9ntrica de la ciudad. A esto, se suma la asistencia en el interior provincial, lo cual se coordina con las <strong>Comisiones de Fomento y Municipios<\/strong> para as\u00ed obtener un abordaje territorial, <strong>que llega inclusive al propio domicilio de la persona que lo requiera<\/strong>. \u00a0Agreg\u00f3 que, en los \u00faltimos cinco (5) meses, la Secretar\u00eda de la Mujer lleva contestados alrededor de 230 oficios entre otras m\u00faltiples actuaciones, <strong>resaltando<\/strong> que, actualmente, las l\u00edneas para <strong>emergencias y urgencias<\/strong> que cuentan con dispositivos en todo el territorio provincial para dar soluci\u00f3n inmediata, desde un marco operativo, son las <strong>l\u00edneas 911 y 107<\/strong>, no descart\u00e1ndose la posibilidad de generar en un futuro pr\u00f3ximo alguna <strong>l\u00ednea espec\u00edfica<\/strong>. A estas, se le suman las l\u00edneas telef\u00f3nicas disponibles, desde donde se brinda informaci\u00f3n, adem\u00e1s de una direcci\u00f3n de correo electr\u00f3nico que es revisada a diario por personal capacitado. El Ombudsman Provincial, <strong>denunci\u00f3 el grav\u00edsimo desfinanciamiento por parte del Gobierno Nacional de las \u00c1reas Estatales que abordaban la violencia de g\u00e9nero y en este sentido revel\u00f3 que seg\u00fan datos del Observatorio \u201cAhora Que S\u00ed Nos Ven\u201d, se han registrado 78 homicidios a mujeres en los 4 primeros meses del corriente a\u00f1o, lo que es igual a 1 femicidio cada 37 horas, al mismo tiempo inform\u00f3 que, hemos peticionado a la actual Ministra de Capital Humano, Lic. Sandra Viviana Pettovello, cumpla con el Programa (RENNyA) -R\u00e9gimen de Reparaci\u00f3n Econ\u00f3mica para Ni\u00f1as, Ni\u00f1os y Adolescentes- creado por la Ley N\u00ba 27.452, sancionada en 2018 y que tiene por objetivo entre otros puntos, que las hijas\/os, personas con discapacidad, de mujeres v\u00edctimas de femicidio u homicidio, en contexto de violencia intrafamiliar y\/o de g\u00e9nero, accedan a una cobertura integral de salud y reciban acompa\u00f1amiento durante la crianza y su desarrollo integral. <\/strong>Ambas Instituciones, deciden continuar trabajando mancomunadamente para lo cual, se resuelve: 1) Impulsar una Cl\u00ednica de Temas que incorpore a otros organismos para planificar el abordaje de los mismos; 2) Fortalecer los canales de comunicaci\u00f3n existentes para una actuaci\u00f3n m\u00e1s expeditiva, estableci\u00e9ndose el contacto directo v\u00eda telef\u00f3nica entre miembros de ambos Organismos; 3) Trabajar en un protocolo de actuaci\u00f3n que incluya a los dispositivos del \u00e1rea salud, policial y otros estamentos del Poder Ejecutivo Provincial; 4) Coordinar jornadas de capacitaci\u00f3n; por parte de la Secretar\u00eda de la Mujer, sobre la Ley Micaela, por parte de la Defensor\u00eda del Pueblo, sobre el Registro de Deudores Alimentarios Morosos; 5) Informar a la comunidad de los servicios que se ofrecen, tanto en nuestra ciudad capital, como en el interior provincial, haciendo hincapi\u00e9 en la prevenci\u00f3n y abordaje de toda clase de violencia, sobre ni\u00f1os, adolescentes y ciudadanos en general.<\/p>\n","protected":false},"excerpt":{"rendered":"<p>Se llev\u00f3 a cabo en la Sede de la Defensor\u00eda del Pueblo, una &#8211;Reuni\u00f3n de Trabajo-, en la cual participaron la Titular de la Secretaria de la Mujer, Lic. Mar\u00eda del Carmen Hermosilla, de la Asesor\u00eda Legal y T\u00e9cnica las Dras. Mirta Soil\u00e1n, Natalia Ver\u00f3n, Valeria Casco y la Psic\u00f3loga Patricia Martinetti, junto al Defensor [&hellip;]<\/p>\n","protected":false},"author":2,"featured_media":15295,"comment_status":"closed","ping_status":"closed","sticky":false,"template":"","format":"standard","meta":{"footnotes":""},"categories":[1],"tags":[],"class_list":["post-15294","post","type-post","status-publish","format-standard","has-post-thumbnail","hentry","category-noticias"],"_links":{"self":[{"href":"https:\/\/defensoriaformosa.gob.ar\/index.php?rest_route=\/wp\/v2\/posts\/15294","targetHints":{"allow":["GET"]}}],"collection":[{"href":"https:\/\/defensoriaformosa.gob.ar\/index.php?rest_route=\/wp\/v2\/posts"}],"about":[{"href":"https:\/\/defensoriaformosa.gob.ar\/index.php?rest_route=\/wp\/v2\/types\/post"}],"author":[{"embeddable":true,"href":"https:\/\/defensoriaformosa.gob.ar\/index.php?rest_route=\/wp\/v2\/users\/2"}],"replies":[{"embeddable":true,"href":"https:\/\/defensoriaformosa.gob.ar\/index.php?rest_route=%2Fwp%2Fv2%2Fcomments&post=15294"}],"version-history":[{"count":1,"href":"https:\/\/defensoriaformosa.gob.ar\/index.php?rest_route=\/wp\/v2\/posts\/15294\/revisions"}],"predecessor-version":[{"id":15296,"href":"https:\/\/defensoriaformosa.gob.ar\/index.php?rest_route=\/wp\/v2\/posts\/15294\/revisions\/15296"}],"wp:featuredmedia":[{"embeddable":true,"href":"https:\/\/defensoriaformosa.gob.ar\/index.php?rest_route=\/wp\/v2\/media\/15295"}],"wp:attachment":[{"href":"https:\/\/defensoriaformosa.gob.ar\/index.php?rest_route=%2Fwp%2Fv2%2Fmedia&parent=15294"}],"wp:term":[{"taxonomy":"category","embeddable":true,"href":"https:\/\/defensoriaformosa.gob.ar\/index.php?rest_route=%2Fwp%2Fv2%2Fcategories&post=15294"},{"taxonomy":"post_tag","embeddable":true,"href":"https:\/\/defensoriaformosa.gob.ar\/index.php?rest_route=%2Fwp%2Fv2%2Ftags&post=15294"}],"curies":[{"name":"wp","href":"https:\/\/api.w.org\/{rel}","templated":true}]}}