{"id":15285,"date":"2024-05-24T19:01:10","date_gmt":"2024-05-24T22:01:10","guid":{"rendered":"https:\/\/defensoriaformosa.gob.ar\/?p=15285"},"modified":"2024-05-24T19:01:10","modified_gmt":"2024-05-24T22:01:10","slug":"la-defensoria-del-pueblo-participara-de-audiencia-publica-por-el-mal-estado-de-la-ruta-nacional-no-11","status":"publish","type":"post","link":"https:\/\/defensoriaformosa.gob.ar\/?p=15285","title":{"rendered":"LA DEFENSOR\u00cdA DEL PUEBLO PARTICIPAR\u00c1 DE AUDIENCIA P\u00daBLICA POR EL MAL ESTADO DE LA RUTA NACIONAL N\u00ba 11"},"content":{"rendered":"<p><strong>-La convocatoria fue votada por unanimidad y se invitar\u00e1 a que participen Presidentes de Comunas e Intendentes de todo el trayecto de la RN 11, as\u00ed como tambi\u00e9n Asociaciones y ONGs que tienen por objetivo la seguridad vial y disminuir la siniestralidad en las rutas-<\/strong><\/p>\n<p><!--more--><\/p>\n<p>La Defensor\u00eda del Pueblo de la Provincia de Formosa, participar\u00e1 de una Audiencia P\u00fablica <strong>para reclamar la reparaci\u00f3n urgente de la Ruta Nacional N\u00ba 11 que atraviesa las provincias de Santa Fe, Chaco y Formosa, siendo convocada por la C\u00e1mara de Diputados de Santa Fe, con el objetivo de generar un fuerte reclamo al Gobierno Nacional en cuanto a la necesidad de reparar esta v\u00eda de manera urgente, como as\u00ed tambi\u00e9n elaborar proyectos para ampliar su capacidad de tr\u00e1fico y dotarla de las medidas de seguridad necesarias, convirti\u00e9ndolo en un corredor vial seguro para el tr\u00e1nsito de veh\u00edculos, y camiones. El objetivo es \u00absensibilizar\u00bb al Gobierno Nacional sobre la grave situaci\u00f3n que atraviesa esta importante v\u00eda de comunicaci\u00f3n y exigir medidas concretas para mejorar la seguridad vial<\/strong>. El Ombudsman Provincial Dr. Jos\u00e9 Leonardo Gialluca, conjuntamente con el Defensor del Pueblo de Santa Fe Jorge Henn y de la Provincia de Chaco Dr. Bernardo Voloj, vienen se\u00f1alando que el actual estado de la Ruta Nacional N\u00ba 11 necesita de una inmediata atenci\u00f3n del Estado Nacional, pues la misma en varios tramos posee importantes baches a lo que se le suma el mal estado de puentes y guardarrails, as\u00ed como la falta de se\u00f1alizaci\u00f3n e iluminaci\u00f3n, pues de lo contrario, se continuaran produciendo graves accidentes con p\u00e9rdidas de vidas humanas, los cuales podr\u00edan evitarse si se llevan adelante las obras necesarias, <strong>siendo esta Audiencia P\u00fablica, un paso m\u00e1s para visibilizar esta problem\u00e1tica y exigir al Gobierno Nacional tome las medidas necesarias para mejorar la seguridad vial en la Ruta Nacional N\u00ba 11.<\/strong><\/p>\n","protected":false},"excerpt":{"rendered":"<p>-La convocatoria fue votada por unanimidad y se invitar\u00e1 a que participen Presidentes de Comunas e Intendentes de todo el trayecto de la RN 11, as\u00ed como tambi\u00e9n Asociaciones y ONGs que tienen por objetivo la seguridad vial y disminuir la siniestralidad en las rutas-<\/p>\n","protected":false},"author":2,"featured_media":15286,"comment_status":"closed","ping_status":"closed","sticky":false,"template":"","format":"standard","meta":{"footnotes":""},"categories":[1],"tags":[],"class_list":["post-15285","post","type-post","status-publish","format-standard","has-post-thumbnail","hentry","category-noticias"],"_links":{"self":[{"href":"https:\/\/defensoriaformosa.gob.ar\/index.php?rest_route=\/wp\/v2\/posts\/15285","targetHints":{"allow":["GET"]}}],"collection":[{"href":"https:\/\/defensoriaformosa.gob.ar\/index.php?rest_route=\/wp\/v2\/posts"}],"about":[{"href":"https:\/\/defensoriaformosa.gob.ar\/index.php?rest_route=\/wp\/v2\/types\/post"}],"author":[{"embeddable":true,"href":"https:\/\/defensoriaformosa.gob.ar\/index.php?rest_route=\/wp\/v2\/users\/2"}],"replies":[{"embeddable":true,"href":"https:\/\/defensoriaformosa.gob.ar\/index.php?rest_route=%2Fwp%2Fv2%2Fcomments&post=15285"}],"version-history":[{"count":1,"href":"https:\/\/defensoriaformosa.gob.ar\/index.php?rest_route=\/wp\/v2\/posts\/15285\/revisions"}],"predecessor-version":[{"id":15287,"href":"https:\/\/defensoriaformosa.gob.ar\/index.php?rest_route=\/wp\/v2\/posts\/15285\/revisions\/15287"}],"wp:featuredmedia":[{"embeddable":true,"href":"https:\/\/defensoriaformosa.gob.ar\/index.php?rest_route=\/wp\/v2\/media\/15286"}],"wp:attachment":[{"href":"https:\/\/defensoriaformosa.gob.ar\/index.php?rest_route=%2Fwp%2Fv2%2Fmedia&parent=15285"}],"wp:term":[{"taxonomy":"category","embeddable":true,"href":"https:\/\/defensoriaformosa.gob.ar\/index.php?rest_route=%2Fwp%2Fv2%2Fcategories&post=15285"},{"taxonomy":"post_tag","embeddable":true,"href":"https:\/\/defensoriaformosa.gob.ar\/index.php?rest_route=%2Fwp%2Fv2%2Ftags&post=15285"}],"curies":[{"name":"wp","href":"https:\/\/api.w.org\/{rel}","templated":true}]}}