{"id":15278,"date":"2024-05-22T17:10:29","date_gmt":"2024-05-22T20:10:29","guid":{"rendered":"https:\/\/defensoriaformosa.gob.ar\/?p=15278"},"modified":"2024-05-22T17:10:29","modified_gmt":"2024-05-22T20:10:29","slug":"denuncian-fake-news-en-perjuicio-de-un-empresario-local","status":"publish","type":"post","link":"https:\/\/defensoriaformosa.gob.ar\/?p=15278","title":{"rendered":"DENUNCIAN FAKE NEWS EN PERJUICIO DE UN EMPRESARIO LOCAL"},"content":{"rendered":"<p><strong>-El CPN Angel Luis Bigatti, Presidente de la C\u00e1mara de Estaciones de Servicio de la Provincia, fue v\u00edctima de una \u201cNoticia Falsa\u201d en la cual se expresaba que suspender\u00eda las actividades de su empresa de no aprobarse la \u201cLey Bases en el Congreso de la Naci\u00f3n\u201d.-<\/strong><\/p>\n<p><!--more--><\/p>\n<p>Desde la Defensor\u00eda del Pueblo, su -Direcci\u00f3n de Justicia y Mediaci\u00f3n- advirti\u00f3 a la ciudadan\u00eda sobre la aparici\u00f3n de \u201cnoticias falsas o fake news\u201d por parte, especialmente, de medios digitales, respecto de los cuales, desde el Organismo de la Constituci\u00f3n, se se\u00f1al\u00f3 que no se debe tomar a la ligera cualquier informaci\u00f3n que sea publicada en las redes sociales en la actualidad. \u201cM\u00e1s all\u00e1 de aclarar debidamente esta situaci\u00f3n en relaci\u00f3n al Contador Bigatti, conocido empresario local- remarc\u00f3 el Ombudsman Provincial, Jos\u00e9 Leonardo Gialluca \u2013 entendemos que tambi\u00e9n ha sido v\u00edctima de la falacia informativa de un medio de prensa de nuestra ciudad, el cual replic\u00f3 la noticia falsa. El agraviado, se comunic\u00f3 personalmente, expresando su indignaci\u00f3n pues lo expuesto, por la p\u00e1gina de internet dedicada a noticias de las Estaciones de Servicio de todo el pa\u00eds, &#8211;<strong>Revista Surtidores<\/strong>&#8211; que para nada se condice con sus ideas.\u201d Consultado si conoce que se haya hecho alguna correcci\u00f3n o aclaraci\u00f3n a lo publicado desde el multimedio local que propag\u00f3 la fake news, el mismo se\u00f1al\u00f3: \u201cparticularmente no lo he le\u00eddo, creo que eso tiene que ver con la \u00e9tica period\u00edstica, habiendo reclamado a la revista citada, la noticia fue eliminada inmediatamente, pero en los otros medios no ocurri\u00f3 lo mismo hasta ahora y esto es lamentable, pues el perjuicio ya ha sido ocasionado. Desde el Organismo de la Constituci\u00f3n, recordaron que hemos peticionado insistentemente que los diversos gobiernos nacionales adopten medidas al respecto, pero todas las instancias, hasta ahora, han sido vanas, <strong>debi\u00e9ndose recurrir a intimaciones extrajudiciales y hasta arribar a los estrados de la Justicia cuando se agravia o inventan expresiones o ideas que nunca fueron concretadas por alguna de las partes involucradas<\/strong>. Consider\u00e1ndose que no ayudamos a la <strong>Libertad de Prensa o de Expresi\u00f3n<\/strong>, con la manipulaci\u00f3n de informaci\u00f3n mediante mentidas o enga\u00f1os, como ha sucedido en el caso expuesto. -\u201d<\/p>\n","protected":false},"excerpt":{"rendered":"<p>-El CPN Angel Luis Bigatti, Presidente de la C\u00e1mara de Estaciones de Servicio de la Provincia, fue v\u00edctima de una \u201cNoticia Falsa\u201d en la cual se expresaba que suspender\u00eda las actividades de su empresa de no aprobarse la \u201cLey Bases en el Congreso de la Naci\u00f3n\u201d.-<\/p>\n","protected":false},"author":2,"featured_media":15279,"comment_status":"closed","ping_status":"closed","sticky":false,"template":"","format":"standard","meta":{"footnotes":""},"categories":[1],"tags":[],"class_list":["post-15278","post","type-post","status-publish","format-standard","has-post-thumbnail","hentry","category-noticias"],"_links":{"self":[{"href":"https:\/\/defensoriaformosa.gob.ar\/index.php?rest_route=\/wp\/v2\/posts\/15278","targetHints":{"allow":["GET"]}}],"collection":[{"href":"https:\/\/defensoriaformosa.gob.ar\/index.php?rest_route=\/wp\/v2\/posts"}],"about":[{"href":"https:\/\/defensoriaformosa.gob.ar\/index.php?rest_route=\/wp\/v2\/types\/post"}],"author":[{"embeddable":true,"href":"https:\/\/defensoriaformosa.gob.ar\/index.php?rest_route=\/wp\/v2\/users\/2"}],"replies":[{"embeddable":true,"href":"https:\/\/defensoriaformosa.gob.ar\/index.php?rest_route=%2Fwp%2Fv2%2Fcomments&post=15278"}],"version-history":[{"count":1,"href":"https:\/\/defensoriaformosa.gob.ar\/index.php?rest_route=\/wp\/v2\/posts\/15278\/revisions"}],"predecessor-version":[{"id":15280,"href":"https:\/\/defensoriaformosa.gob.ar\/index.php?rest_route=\/wp\/v2\/posts\/15278\/revisions\/15280"}],"wp:featuredmedia":[{"embeddable":true,"href":"https:\/\/defensoriaformosa.gob.ar\/index.php?rest_route=\/wp\/v2\/media\/15279"}],"wp:attachment":[{"href":"https:\/\/defensoriaformosa.gob.ar\/index.php?rest_route=%2Fwp%2Fv2%2Fmedia&parent=15278"}],"wp:term":[{"taxonomy":"category","embeddable":true,"href":"https:\/\/defensoriaformosa.gob.ar\/index.php?rest_route=%2Fwp%2Fv2%2Fcategories&post=15278"},{"taxonomy":"post_tag","embeddable":true,"href":"https:\/\/defensoriaformosa.gob.ar\/index.php?rest_route=%2Fwp%2Fv2%2Ftags&post=15278"}],"curies":[{"name":"wp","href":"https:\/\/api.w.org\/{rel}","templated":true}]}}