{"id":15260,"date":"2024-05-17T20:03:19","date_gmt":"2024-05-17T23:03:19","guid":{"rendered":"https:\/\/defensoriaformosa.gob.ar\/?p=15260"},"modified":"2024-05-18T20:09:23","modified_gmt":"2024-05-18T23:09:23","slug":"denuncian-que-los-discursos-de-odio-generan-violencia-y-divisiones-en-la-sociedad","status":"publish","type":"post","link":"https:\/\/defensoriaformosa.gob.ar\/?p=15260","title":{"rendered":"DENUNCIAN QUE LOS DISCURSOS DE ODIO GENERAN VIOLENCIA Y DIVISIONES EN LA  SOCIEDAD"},"content":{"rendered":"<p><strong>-Solicitan al Secretario de Prensa de Naci\u00f3n, Eduardo Jos\u00e9 Serenellini y a la Subsecretaria de Protecci\u00f3n contra la Violencia de G\u00e9nero, Claudia Barcia del Ministerio de Capital Humano, \u201cimpulsen acciones concretas que sugieran a los responsables de los medios de comunicaci\u00f3n masiva de todo el pa\u00eds, poner freno a los diversos discursos de odio, especialmente a los de orientaci\u00f3n sexual y raciales, por la gravedad de sus efectos, tanto en las personas y\u00a0 comunidades que los sufren, como en la sociedad en general\u201d, siendo preciso un esfuerzo conjunto por parte de actores sociales espec\u00edficos, como la administraci\u00f3n p\u00fablica, los medios de comunicaci\u00f3n, las empresas, las entidades, as\u00ed como de la ciudadan\u00eda en general-<\/strong><\/p>\n<p><!--more--><\/p>\n<p>Desde la Defensor\u00eda del Pueblo de la Provincia de Formosa, \u201cse hizo un llamado a la reflexi\u00f3n sobre la peligrosidad de los discursos de odio y su impacto en la sociedad\u201d, ya que los mismos tienen como objetivo, la deshumanizaci\u00f3n de colectivos particulares, fomentando la violencia y la desintegraci\u00f3n de nuestra sociedad. En este sentido, el<br \/>\nOmbudsman Provincial, Dr. Jos\u00e9 Leonardo Gialluca, \u201cresalt\u00f3 la necesidad de reconocer y resistir los discursos de odio, toda vez que estos afectan la convivencia pac\u00edfica en sociedad y naturalizan las pr\u00e1cticas violentas\u201d. Lo hizo en este 17 de mayo, fecha promovida por la ONU desde 2004 para generar conciencia sobre la discriminaci\u00f3n basada en<br \/>\nla orientaci\u00f3n sexual e identidad de g\u00e9nero; elegida en recuerdo del 17 de mayo de 1990, cuando la Asamblea Mundial de la Salud de la Organizaci\u00f3n Mundial de la Salud elimin\u00f3 la homosexualidad de la lista de Clasificaci\u00f3n Internacional de Enfermedades (CIE), con consenso generalizado de que la misma es una variaci\u00f3n natural de la sexualidad humana. De esta manera, la homosexualidad dej\u00f3 ser considerada una enfermedad mental. Por su parte, la Comisi\u00f3n Europea define la homofobia como la intolerancia hacia personas atra\u00eddas por otras de su mismo g\u00e9nero, mientras que la transfobia se refiere al rechazo hacia personas cuya identidad de g\u00e9nero difiere del sexo asignado al nacer. La bifobia es el desagrado hacia personas atra\u00eddas por ambos g\u00e9neros. A\u00f1adi\u00f3 que, nuestro pa\u00eds, supo estar en la vanguardia de Am\u00e9rica Latina en derechos para las minor\u00edas sexuales en la \u00faltima d\u00e9cada; gobernada desde diciembre por un presidente que critica abiertamente el feminismo y rechaza las pol\u00edticas de igualdad y no discriminaci\u00f3n, los colectivos feministas y LGTBI+ ven en los pronunciamientos, advertencias y primeras medidas de Milei, una amenaza de retroceso en los derechos conquistados. Una de las primeras derrotas ha sido para la ley de cupo laboral trans de 2021 que obligaba al Estado a contratar en el sector p\u00fablico a no menos del 1 % de personas travestis, transexuales y no binarias fomentando su inclusi\u00f3n.<\/p>\n<p>Si bien la norma estaba estancada sin haber cumplido totalmente sus metas por falta de recursos antes de la llegada al poder de Milei, ahora no solo qued\u00f3 rezagada, sino que algunas de las contrataciones realizadas han sido eliminadas. Unas 105 personas de este colectivo han perdido su trabajo como funcionarios en los \u00faltimos tres meses, seg\u00fan la Asociaci\u00f3n de Trabajadores del Estado. Son pocas en un universo de 15.000 empleos p\u00fablicos eliminados, pero para un grupo que, de forma cr\u00f3nica, ha visto la incorporaci\u00f3n al mercado laboral como un imposible, cada despido es un retroceso vital. Recordemos que Argentina fue el primer pa\u00eds de Latinoam\u00e9rica en legalizar el matrimonio entre personas del mismo sexo en el a\u00f1o 2010 y dos a\u00f1os despu\u00e9s se coloc\u00f3 a la vanguardia a nivel mundial con una ley que reconoce el derecho a la identidad de g\u00e9nero como derecho humano. Sin embargo, desde el Gobierno Nacional, se han adoptado medidas contrarias, degradando el Ministerio de Mujeres, G\u00e9neros y Diversidad al rango de subsecretar\u00eda, prohibiendo el uso del lenguaje inclusivo en la administraci\u00f3n p\u00fablica, cerrando<br \/>\nel Instituto Nacional contra la Discriminaci\u00f3n, la Xenofobia y el Racismo (INADI), eliminando la resoluci\u00f3n que exig\u00eda paridad de g\u00e9nero en empresas y asociaciones civiles y cancelando programas de capacitaci\u00f3n con perspectiva de g\u00e9nero.<\/p>\n<p>&nbsp;<\/p>\n<p>&nbsp;<\/p>\n","protected":false},"excerpt":{"rendered":"<p>-Solicitan al Secretario de Prensa de Naci\u00f3n, Eduardo Jos\u00e9 Serenellini y a la Subsecretaria de Protecci\u00f3n contra la Violencia de G\u00e9nero, Claudia Barcia del Ministerio de Capital Humano, \u201cimpulsen acciones concretas que sugieran a los responsables de los medios de comunicaci\u00f3n masiva de todo el pa\u00eds, poner freno a los diversos discursos de odio, especialmente [&hellip;]<\/p>\n","protected":false},"author":1,"featured_media":15261,"comment_status":"closed","ping_status":"closed","sticky":false,"template":"","format":"standard","meta":{"footnotes":""},"categories":[4],"tags":[],"class_list":["post-15260","post","type-post","status-publish","format-standard","has-post-thumbnail","hentry","category-ddhh"],"_links":{"self":[{"href":"https:\/\/defensoriaformosa.gob.ar\/index.php?rest_route=\/wp\/v2\/posts\/15260","targetHints":{"allow":["GET"]}}],"collection":[{"href":"https:\/\/defensoriaformosa.gob.ar\/index.php?rest_route=\/wp\/v2\/posts"}],"about":[{"href":"https:\/\/defensoriaformosa.gob.ar\/index.php?rest_route=\/wp\/v2\/types\/post"}],"author":[{"embeddable":true,"href":"https:\/\/defensoriaformosa.gob.ar\/index.php?rest_route=\/wp\/v2\/users\/1"}],"replies":[{"embeddable":true,"href":"https:\/\/defensoriaformosa.gob.ar\/index.php?rest_route=%2Fwp%2Fv2%2Fcomments&post=15260"}],"version-history":[{"count":1,"href":"https:\/\/defensoriaformosa.gob.ar\/index.php?rest_route=\/wp\/v2\/posts\/15260\/revisions"}],"predecessor-version":[{"id":15262,"href":"https:\/\/defensoriaformosa.gob.ar\/index.php?rest_route=\/wp\/v2\/posts\/15260\/revisions\/15262"}],"wp:featuredmedia":[{"embeddable":true,"href":"https:\/\/defensoriaformosa.gob.ar\/index.php?rest_route=\/wp\/v2\/media\/15261"}],"wp:attachment":[{"href":"https:\/\/defensoriaformosa.gob.ar\/index.php?rest_route=%2Fwp%2Fv2%2Fmedia&parent=15260"}],"wp:term":[{"taxonomy":"category","embeddable":true,"href":"https:\/\/defensoriaformosa.gob.ar\/index.php?rest_route=%2Fwp%2Fv2%2Fcategories&post=15260"},{"taxonomy":"post_tag","embeddable":true,"href":"https:\/\/defensoriaformosa.gob.ar\/index.php?rest_route=%2Fwp%2Fv2%2Ftags&post=15260"}],"curies":[{"name":"wp","href":"https:\/\/api.w.org\/{rel}","templated":true}]}}