{"id":15244,"date":"2024-05-14T19:39:15","date_gmt":"2024-05-14T22:39:15","guid":{"rendered":"https:\/\/defensoriaformosa.gob.ar\/?p=15244"},"modified":"2024-05-14T19:39:15","modified_gmt":"2024-05-14T22:39:15","slug":"fuerte-oposicion-a-la-libre-venta-de-medicamentos","status":"publish","type":"post","link":"https:\/\/defensoriaformosa.gob.ar\/?p=15244","title":{"rendered":"FUERTE OPOSICION A LA LIBRE VENTA DE MEDICAMENTOS"},"content":{"rendered":"<p><strong><em>-Advierten que los jubilados compran cada d\u00eda menos medicamentos de lo que necesitan, por la fuerte suba en sus precios, llevando aquellos que no pagan, lo que deteriora gravemente el estado de salud de los mismos. Incluso el incremento de los citados, tambi\u00e9n afecta a la poblaci\u00f3n en general, \u201cpues una persona que no tiene una cobertura social, hoy debe pagar un precio que es inaccesible, cuando los remedios no son un bien de consumo m\u00e1s, sino que deben ser tomados, porque de lo contrario, se perjudica claramente la salud de los consumidores\u201d-<\/em><\/strong><strong>\u00a0<\/strong><!--more--><\/p>\n<p>El Defensor del Pueblo de la Provincia de Formosa, <strong>Dr. Jos\u00e9 Leonardo Gialluca<\/strong>, dio a conocer la postura Institucional de la &#8211;<strong>Federaci\u00f3n Farmac\u00e9utica de Formosa<\/strong>&#8211; que Preside <strong>Ernesto Jos\u00e9 Morales<\/strong>, <strong>en relaci\u00f3n a la pretensi\u00f3n de la ANMAT, de pasar a venta libre 22 medicamentos que actualmente se expenden bajo receta, <em>\u201cconsiderando las entidades farmac\u00e9uticas su total desacuerdo, pues pretender sacar los remedios de las farmacias, para su posterior venta en kioscos y dem\u00e1s almacenes, traer\u00e1n consecuencias muy negativas en la salud de la Comunidad\u201d.<\/em> Morales aclar\u00f3 que, \u201cventa libre no significa libre venta y de all\u00ed nuestra postura\u201d. <\/strong>Por otro lado, en relaci\u00f3n a los precios de los medicamentos, la Federaci\u00f3n Farmac\u00e9utica de Formosa, se\u00f1al\u00f3 que, <strong>\u201cen diferentes reuniones entre los Laboratorios, Autoridades del PAMI y diversas Entidades Farmac\u00e9uticas, se busca un Acuerdo para no aumentar el precio de los medicamentos por encima de la inflaci\u00f3n\u201d. <\/strong>En este punto, Gialluca se\u00f1al\u00f3 que, seg\u00fan datos publicados por <strong>CEPA, CEPPEMA y ALGEC<\/strong> detallan el \u201c<strong>raid de aumentos de los medicamentos<\/strong>\u201d: a finales del mes de noviembre se registr\u00f3 una suba del <strong>25,7%<\/strong>, en diciembre el incremento alcanz\u00f3 <strong>40,9%,<\/strong> en enero sumaron <strong>13,6%,<\/strong> en febrero ajustaron al <strong>15,0%,<\/strong> en marzo al <strong>8,4%<\/strong> y en abril al <strong>2,5%.<\/strong> Es decir, en 6 meses, los medicamentos que las personas mayores utilizan habitualmente remarcaron sus precios en <strong>157%<\/strong>, superando ampliamente a la ya elevada inflaci\u00f3n de ese mismo per\u00edodo (<strong>133,6%,<\/strong> considerando <strong>8,9%<\/strong> para abril seg\u00fan Relevamiento de Expectativas de Mercado -REM- del BCRA).<\/p>\n","protected":false},"excerpt":{"rendered":"<p>-Advierten que los jubilados compran cada d\u00eda menos medicamentos de lo que necesitan, por la fuerte suba en sus precios, llevando aquellos que no pagan, lo que deteriora gravemente el estado de salud de los mismos. Incluso el incremento de los citados, tambi\u00e9n afecta a la poblaci\u00f3n en general, \u201cpues una persona que no tiene [&hellip;]<\/p>\n","protected":false},"author":2,"featured_media":15245,"comment_status":"closed","ping_status":"closed","sticky":false,"template":"","format":"standard","meta":{"footnotes":""},"categories":[1],"tags":[],"class_list":["post-15244","post","type-post","status-publish","format-standard","has-post-thumbnail","hentry","category-noticias"],"_links":{"self":[{"href":"https:\/\/defensoriaformosa.gob.ar\/index.php?rest_route=\/wp\/v2\/posts\/15244","targetHints":{"allow":["GET"]}}],"collection":[{"href":"https:\/\/defensoriaformosa.gob.ar\/index.php?rest_route=\/wp\/v2\/posts"}],"about":[{"href":"https:\/\/defensoriaformosa.gob.ar\/index.php?rest_route=\/wp\/v2\/types\/post"}],"author":[{"embeddable":true,"href":"https:\/\/defensoriaformosa.gob.ar\/index.php?rest_route=\/wp\/v2\/users\/2"}],"replies":[{"embeddable":true,"href":"https:\/\/defensoriaformosa.gob.ar\/index.php?rest_route=%2Fwp%2Fv2%2Fcomments&post=15244"}],"version-history":[{"count":1,"href":"https:\/\/defensoriaformosa.gob.ar\/index.php?rest_route=\/wp\/v2\/posts\/15244\/revisions"}],"predecessor-version":[{"id":15246,"href":"https:\/\/defensoriaformosa.gob.ar\/index.php?rest_route=\/wp\/v2\/posts\/15244\/revisions\/15246"}],"wp:featuredmedia":[{"embeddable":true,"href":"https:\/\/defensoriaformosa.gob.ar\/index.php?rest_route=\/wp\/v2\/media\/15245"}],"wp:attachment":[{"href":"https:\/\/defensoriaformosa.gob.ar\/index.php?rest_route=%2Fwp%2Fv2%2Fmedia&parent=15244"}],"wp:term":[{"taxonomy":"category","embeddable":true,"href":"https:\/\/defensoriaformosa.gob.ar\/index.php?rest_route=%2Fwp%2Fv2%2Fcategories&post=15244"},{"taxonomy":"post_tag","embeddable":true,"href":"https:\/\/defensoriaformosa.gob.ar\/index.php?rest_route=%2Fwp%2Fv2%2Ftags&post=15244"}],"curies":[{"name":"wp","href":"https:\/\/api.w.org\/{rel}","templated":true}]}}