{"id":15237,"date":"2024-05-12T19:09:17","date_gmt":"2024-05-12T22:09:17","guid":{"rendered":"https:\/\/defensoriaformosa.gob.ar\/?p=15237"},"modified":"2024-05-12T23:13:45","modified_gmt":"2024-05-13T02:13:45","slug":"se-informa-a-los-vecinos-y-usuarios-que-la-avenida-riberena-estara-cerrada-por-trabajos-de-mantenimiento","status":"publish","type":"post","link":"https:\/\/defensoriaformosa.gob.ar\/?p=15237","title":{"rendered":"SE INFORMA A LOS VECINOS Y USUARIOS QUE LA AVENIDA RIBERE\u00d1A ESTARA CERRADA POR TRABAJOS DE MANTENIMIENTO"},"content":{"rendered":"<p>Desde la Direcci\u00f3n de Seguridad Vial de la Defensor\u00eda del Pueblo de la Provincia de Formosa, se solicit\u00f3 a los vecinos y usuarios en general,\u00a0 tener en cuenta que la Avenida Ribere\u00f1a, estar\u00e1 cerrada a la circulaci\u00f3n de todo tipo de veh\u00edculos y personas\u00a0 desde las 6: 30 horas de este lunes 13\u00a0 de mayo, debido a importantes tareas de reparaciones en sus cabeceras que abarcan ambas manos, en las intersecciones de las calles San Martin, Santa Barbara, prolongaci\u00f3n de la\u00a0 Puchini y la Avenida\u00a0 Laureano Maradona. El Ombudsman Provincial Dr. Jos\u00e9 Leonardo Gialluca, se\u00f1al\u00f3 que Vialidad Provincial, a cargo del Ing. Javier Alfredo Kafa y el Municipio de la Ciudad, ser\u00e1n las Instituciones encargadas de los trabajos, que se extender\u00e1n por varios d\u00edas. Debido a ello, se solicit\u00f3 a la Polic\u00eda de la Provincia, montar en la zona, operativos de prevenci\u00f3n, a fin de evitar siniestros viales y a la ciudadan\u00eda se le sugiri\u00f3 actuar con prudencia, utilizando v\u00edas alternativas, donde tambi\u00e9n se apostar\u00e1 personal Policial de Tr\u00e1nsito, a fin de colaborar con los miles de vecinos que deben concurrir a sus lugares de trabajo, as\u00ed como tambi\u00e9n estudiantes y otros usuarios. EL Ombudsman Provincial Dr. Jos\u00e9 Leonardo Gialluca, record\u00f3 que se pidi\u00f3 formalmente tanto al Municipio Capitalino como a Vialidad Provincial, proceder a realizar los \u201carreglos urgentes que se necesitan en toda la zona, a la que deber\u00e1 sumarse iluminaci\u00f3n y carteler\u00eda de prevenci\u00f3n para asegurar la integridad psicof\u00edsica de las personas que a diario la recorren en moto veh\u00edculos y veh\u00edculos de todo tipo\u201d.<\/p>\n","protected":false},"excerpt":{"rendered":"<p>Desde la Direcci\u00f3n de Seguridad Vial de la Defensor\u00eda del Pueblo de la Provincia de Formosa, se solicit\u00f3 a los vecinos y usuarios en general,\u00a0 tener en cuenta que la Avenida Ribere\u00f1a, estar\u00e1 cerrada a la circulaci\u00f3n de todo tipo de veh\u00edculos y personas\u00a0 desde las 6: 30 horas de este lunes 13\u00a0 de mayo, [&hellip;]<\/p>\n","protected":false},"author":2,"featured_media":15238,"comment_status":"closed","ping_status":"closed","sticky":false,"template":"","format":"standard","meta":{"footnotes":""},"categories":[1],"tags":[],"class_list":["post-15237","post","type-post","status-publish","format-standard","has-post-thumbnail","hentry","category-noticias"],"_links":{"self":[{"href":"https:\/\/defensoriaformosa.gob.ar\/index.php?rest_route=\/wp\/v2\/posts\/15237","targetHints":{"allow":["GET"]}}],"collection":[{"href":"https:\/\/defensoriaformosa.gob.ar\/index.php?rest_route=\/wp\/v2\/posts"}],"about":[{"href":"https:\/\/defensoriaformosa.gob.ar\/index.php?rest_route=\/wp\/v2\/types\/post"}],"author":[{"embeddable":true,"href":"https:\/\/defensoriaformosa.gob.ar\/index.php?rest_route=\/wp\/v2\/users\/2"}],"replies":[{"embeddable":true,"href":"https:\/\/defensoriaformosa.gob.ar\/index.php?rest_route=%2Fwp%2Fv2%2Fcomments&post=15237"}],"version-history":[{"count":1,"href":"https:\/\/defensoriaformosa.gob.ar\/index.php?rest_route=\/wp\/v2\/posts\/15237\/revisions"}],"predecessor-version":[{"id":15239,"href":"https:\/\/defensoriaformosa.gob.ar\/index.php?rest_route=\/wp\/v2\/posts\/15237\/revisions\/15239"}],"wp:featuredmedia":[{"embeddable":true,"href":"https:\/\/defensoriaformosa.gob.ar\/index.php?rest_route=\/wp\/v2\/media\/15238"}],"wp:attachment":[{"href":"https:\/\/defensoriaformosa.gob.ar\/index.php?rest_route=%2Fwp%2Fv2%2Fmedia&parent=15237"}],"wp:term":[{"taxonomy":"category","embeddable":true,"href":"https:\/\/defensoriaformosa.gob.ar\/index.php?rest_route=%2Fwp%2Fv2%2Fcategories&post=15237"},{"taxonomy":"post_tag","embeddable":true,"href":"https:\/\/defensoriaformosa.gob.ar\/index.php?rest_route=%2Fwp%2Fv2%2Ftags&post=15237"}],"curies":[{"name":"wp","href":"https:\/\/api.w.org\/{rel}","templated":true}]}}