{"id":15223,"date":"2024-05-08T17:54:07","date_gmt":"2024-05-08T20:54:07","guid":{"rendered":"https:\/\/defensoriaformosa.gob.ar\/?p=15223"},"modified":"2024-05-08T20:19:46","modified_gmt":"2024-05-08T23:19:46","slug":"convocan-a-los-usuarios-de-energia-electrica-a-inscribirse-en-el-sistema-de-segmentacion-energetica","status":"publish","type":"post","link":"https:\/\/defensoriaformosa.gob.ar\/?p=15223","title":{"rendered":"CONVOCAN A LOS USUARIOS DE ENERGIA ELECTRICA A INSCRIBIRSE EN EL SISTEMA DE SEGMENTACION ENERGETICA"},"content":{"rendered":"<p>Desde la Defensor\u00eda del Pueblo de la Provincia de Formosa, <strong>convocaron a los usuarios de energ\u00eda el\u00e9ctrica, clientes de REFSA de todo nuestro territorio, <em>\u201ca inscribirse en el Registro de Acceso a los Subsidios a la Energ\u00eda (RASE), ingresando al link <\/em><\/strong><a href=\"https:\/\/www.argentina.gob.ar\/subsidios\"><strong><em>https:\/\/www.argentina.gob.ar\/subsidios<\/em><\/strong><\/a><strong><em> o en su defecto, podr\u00e1n concurrir personalmente a la Sede del Organismo de la Constituci\u00f3n ubicado en calle Padre Pati\u00f1o N\u00ba 831 de lunes a viernes de 8:00 a 13:00 y de 18:00 a 20:00 horas, munidos de una factura de servicio y DNI del titular de la misma\u201d, toda vez que, de esta manera, se podr\u00e1 determinar si al solicitante le corresponde o no un subsidio nacional. <\/em><\/strong>Para recibir asesoramiento sobre este tema y otros, los antes citados podr\u00e1n tambi\u00e9n contactarse a trav\u00e9s de los correos electr\u00f3nicos Institucionales <a href=\"mailto:denuncia@formosa.gov.ar\">denuncia@formosa.gov.ar<\/a> \u2013 <a href=\"mailto:depuefor@fibertel.com.ar\">depuefor@fibertel.com.ar<\/a>. El Ombudsman Provincial, Dr. Jos\u00e9 Leonardo Gialluca, se\u00f1al\u00f3 que las facturas de energ\u00eda el\u00e9ctrica est\u00e1n llegando con montos que la gente no puede pagar y esto es consecuencia de las Resoluciones dictadas por la Secretaria de Energ\u00eda del Gobierno Nacional, que han incrementado desmesuradamente el precio de la potencia, generaci\u00f3n y del transporte en este servicio p\u00fablico esencial. <strong>El Funcionario Provincial, resalt\u00f3 la importancia de registrarse con la categor\u00eda correspondiente en el -Sistema de Segmentaci\u00f3n Energ\u00e9tica- que se encuentra a\u00fan vigente, donde los usuarios que tienen los ingresos m\u00e1s altos son los N1 (pagan costo pleno de las tarifas y no reciben ning\u00fan subsidio), los N2 (reciben subsidios, con m\u00e1ximos de consumo) son los de ingresos m\u00e1s bajos y los N3 ingresos intermedios (reciben subsidios parciales, con m\u00e1ximos de consumo), \u201centonces a quienes no se anotaron en el sistema, el Gobierno Nacional los toma como personas de ingresos altos, N1 y pagan una tarifa plena\u201d. <\/strong>Aclar\u00f3 para todos aquellos que se inscriban ahora, que es probable que en la pr\u00f3xima factura a\u00fan contin\u00faen como N1 y reci\u00e9n puedan ver un cambio en la factura siguiente. Por otro lado, indic\u00f3 que, son requisitos b\u00e1sicos para tener el subsidio, para los usuarios N2, tener ingresos mensuales inferiores a <strong>$773.385,10<\/strong> esto es, (1 Canasta B\u00e1sica Total para un hogar tipo 2 seg\u00fan INDEC), destacando que las personas que ya est\u00e1n registradas no tienen que volver a realizar el tr\u00e1mite y recordando que, <strong>el Gobierno Nacional retir\u00f3 por completo los subsidios a todos los usuarios comerciales e industriales<\/strong>. Por \u00faltimo, a\u00f1adi\u00f3 que, <strong>\u201cel Cap\u00edtulo Energ\u00e9tico de la Ley Bases, contiene denuncias a la defensa del inter\u00e9s p\u00fablico que superan los alcances de las privatizaciones de los a\u00f1os 90\u201d y siendo que la C\u00e1mara Baja aprob\u00f3 el mismo sin debate, hemos reclamado a los Senadores, la no aprobaci\u00f3n del mismo, pues de quedar vigente significar\u00e1 el retiro definitivo del Estado en su rol de regulador, facilitando la libre fijaci\u00f3n de precios por parte de las corporaciones empresarias nacionales y extranjeras, exponiendo a los usuarios a pagar precios internacionales o dolarizados, con salarios en pesos, totalmente devaluados.<\/strong><\/p>\n","protected":false},"excerpt":{"rendered":"<p>Desde la Defensor\u00eda del Pueblo de la Provincia de Formosa, convocaron a los usuarios de energ\u00eda el\u00e9ctrica, clientes de REFSA de todo nuestro territorio, \u201ca inscribirse en el Registro de Acceso a los Subsidios a la Energ\u00eda (RASE), ingresando al link https:\/\/www.argentina.gob.ar\/subsidios o en su defecto, podr\u00e1n concurrir personalmente a la Sede del Organismo de [&hellip;]<\/p>\n","protected":false},"author":2,"featured_media":15224,"comment_status":"closed","ping_status":"closed","sticky":false,"template":"","format":"standard","meta":{"footnotes":""},"categories":[1],"tags":[],"class_list":["post-15223","post","type-post","status-publish","format-standard","has-post-thumbnail","hentry","category-noticias"],"_links":{"self":[{"href":"https:\/\/defensoriaformosa.gob.ar\/index.php?rest_route=\/wp\/v2\/posts\/15223","targetHints":{"allow":["GET"]}}],"collection":[{"href":"https:\/\/defensoriaformosa.gob.ar\/index.php?rest_route=\/wp\/v2\/posts"}],"about":[{"href":"https:\/\/defensoriaformosa.gob.ar\/index.php?rest_route=\/wp\/v2\/types\/post"}],"author":[{"embeddable":true,"href":"https:\/\/defensoriaformosa.gob.ar\/index.php?rest_route=\/wp\/v2\/users\/2"}],"replies":[{"embeddable":true,"href":"https:\/\/defensoriaformosa.gob.ar\/index.php?rest_route=%2Fwp%2Fv2%2Fcomments&post=15223"}],"version-history":[{"count":1,"href":"https:\/\/defensoriaformosa.gob.ar\/index.php?rest_route=\/wp\/v2\/posts\/15223\/revisions"}],"predecessor-version":[{"id":15225,"href":"https:\/\/defensoriaformosa.gob.ar\/index.php?rest_route=\/wp\/v2\/posts\/15223\/revisions\/15225"}],"wp:featuredmedia":[{"embeddable":true,"href":"https:\/\/defensoriaformosa.gob.ar\/index.php?rest_route=\/wp\/v2\/media\/15224"}],"wp:attachment":[{"href":"https:\/\/defensoriaformosa.gob.ar\/index.php?rest_route=%2Fwp%2Fv2%2Fmedia&parent=15223"}],"wp:term":[{"taxonomy":"category","embeddable":true,"href":"https:\/\/defensoriaformosa.gob.ar\/index.php?rest_route=%2Fwp%2Fv2%2Fcategories&post=15223"},{"taxonomy":"post_tag","embeddable":true,"href":"https:\/\/defensoriaformosa.gob.ar\/index.php?rest_route=%2Fwp%2Fv2%2Ftags&post=15223"}],"curies":[{"name":"wp","href":"https:\/\/api.w.org\/{rel}","templated":true}]}}