{"id":15220,"date":"2024-05-07T19:38:22","date_gmt":"2024-05-07T22:38:22","guid":{"rendered":"https:\/\/defensoriaformosa.gob.ar\/?p=15220"},"modified":"2024-05-07T19:38:22","modified_gmt":"2024-05-07T22:38:22","slug":"solicitan-a-los-senadores-no-ratificar-medidas-previsionales-que-perjudiquen-a-los-adultos-mayores-y-personas-con-discapacidad","status":"publish","type":"post","link":"https:\/\/defensoriaformosa.gob.ar\/?p=15220","title":{"rendered":"SOLICITAN A LOS SENADORES NO RATIFICAR MEDIDAS PREVISIONALES QUE PERJUDIQUEN A LOS ADULTOS MAYORES Y PERSONAS CON DISCAPACIDAD"},"content":{"rendered":"<p><strong><em>-Gialluca denunci\u00f3 que, el Congreso de la Naci\u00f3n, \u201cha dejado de lado y no trata la cuesti\u00f3n de fondo en favor de los jubilados que es la \u201cMovilidad Jubilatoria\u201d, que permita a millones de personas, acceder o mantener su capacidad adquisitiva que han perdido en los \u00faltimos meses y que es realmente el debate que le est\u00e1n debiendo a nuestra sociedad-<\/em><\/strong><\/p>\n<p><!--more--><\/p>\n<p>Los Defensores del Pueblo de todo el Pa\u00eds, nucleados en ADPRA, en atenci\u00f3n al inicio del debate en Comisiones del Senado de la Naci\u00f3n de la Ley Bases y toda vez que en el T\u00edtulo VIII Previsional, el art. 277 derog\u00f3 la Ley N\u00ba 27.705 (<strong>Plan de Pago de Deuda Previsional<\/strong>), cre\u00e1ndose en el art. 228 la Prestaci\u00f3n de Retiro Proporcional para aquellas personas que hubieran alcanzado los 65 a\u00f1os de edad y que no cumplan con el requisito previsto en el art. 19 inciso c) de la Ley N\u00ba 24.241 (<strong>Sistema Integrado de Jubilaciones y Pensiones<\/strong>) y sus modificaciones; <strong>expresaron a todos los integrantes de la C\u00e1mara de Senadores, el desamparo en el que quedar\u00e1n amplios sectores de la poblaci\u00f3n de personas mayores, de convalidarse lo aprobado por la C\u00e1mara de Diputados. <\/strong>El Ombudsman Provincial, Dr. Jos\u00e9 Leonardo Gialluca, en su car\u00e1cter de Vicepresidente II de ADPRA, se\u00f1al\u00f3 que, las jubilaciones y pensiones son uno de los cap\u00edtulos centrales de la Ley Bases que espera su aprobaci\u00f3n o rechazo en la C\u00e1mara de Senadores de la Naci\u00f3n, agregando que, entre tanto, la movilidad jubilatoria constituye la cuesti\u00f3n de fondo y la misma no se est\u00e1 tratando por ninguna de las dos C\u00e1maras. Record\u00f3 que, con la media sanci\u00f3n al proyecto de Ley de Bases que realiz\u00f3 Diputados, se incorporan dos novedades importantes en materia previsional. <strong>Una es la derogaci\u00f3n de la moratoria previsional de la Ley N\u00ba 27.705<\/strong>, a\u00f1adiendo que, la moratoria actual vigente tiene fecha de vencimiento en el a\u00f1o 2025, porque es la vida \u00fatil que se estableci\u00f3 al momento de aprobarse la ley en el a\u00f1o 2023. <strong>El segundo punto m\u00e1s importante<\/strong> de esta media sanci\u00f3n es la creaci\u00f3n de un nuevo r\u00e9gimen, que es la prestaci\u00f3n por un retiro proporcional. Es decir, de los hombres y las mujeres que tienen 75 a\u00f1os, que no re\u00fanan los 30 a\u00f1os de aporte y que no cobran otro beneficio, van a poder percibir el mismo que es un poco mayor a lo que hoy est\u00e1n cobrando los titulares del beneficio de PUAM, que es la pensi\u00f3n universal al adulto mayor, aprobada en el a\u00f1o 2016. En cuanto a su aplicaci\u00f3n, no obstante, existe una gran incertidumbre especialmente \u201crespecto de qu\u00e9 es lo que va a pasar con las personas que ya se jubilaron por la moratoria actual vigente y ac\u00e1 es donde aclar\u00f3 que esas personas ya tienen un <strong>derecho adquirido<\/strong> <strong>y no corren ning\u00fan tipo de riesgo<\/strong>. Lo mismo pasa con las personas que ya tienen iniciado el beneficio y que todav\u00eda no est\u00e1 dado de alta\u201d. En cuanto a \u00bfqu\u00e9 va a pasar con las personas que tengan un turno futuro en Anses?; supongamos una persona que sac\u00f3 un turno para mayo o para junio y en el medio de ese tiempo se deroga esta ley, en esos casos, ah\u00ed s\u00ed se generan dudas; si van respetar la fecha en la que se sac\u00f3 el turno o aplicar\u00e1n otro criterio distinto.<\/p>\n","protected":false},"excerpt":{"rendered":"<p>-Gialluca denunci\u00f3 que, el Congreso de la Naci\u00f3n, \u201cha dejado de lado y no trata la cuesti\u00f3n de fondo en favor de los jubilados que es la \u201cMovilidad Jubilatoria\u201d, que permita a millones de personas, acceder o mantener su capacidad adquisitiva que han perdido en los \u00faltimos meses y que es realmente el debate que [&hellip;]<\/p>\n","protected":false},"author":2,"featured_media":15221,"comment_status":"closed","ping_status":"closed","sticky":false,"template":"","format":"standard","meta":{"footnotes":""},"categories":[1],"tags":[],"class_list":["post-15220","post","type-post","status-publish","format-standard","has-post-thumbnail","hentry","category-noticias"],"_links":{"self":[{"href":"https:\/\/defensoriaformosa.gob.ar\/index.php?rest_route=\/wp\/v2\/posts\/15220","targetHints":{"allow":["GET"]}}],"collection":[{"href":"https:\/\/defensoriaformosa.gob.ar\/index.php?rest_route=\/wp\/v2\/posts"}],"about":[{"href":"https:\/\/defensoriaformosa.gob.ar\/index.php?rest_route=\/wp\/v2\/types\/post"}],"author":[{"embeddable":true,"href":"https:\/\/defensoriaformosa.gob.ar\/index.php?rest_route=\/wp\/v2\/users\/2"}],"replies":[{"embeddable":true,"href":"https:\/\/defensoriaformosa.gob.ar\/index.php?rest_route=%2Fwp%2Fv2%2Fcomments&post=15220"}],"version-history":[{"count":1,"href":"https:\/\/defensoriaformosa.gob.ar\/index.php?rest_route=\/wp\/v2\/posts\/15220\/revisions"}],"predecessor-version":[{"id":15222,"href":"https:\/\/defensoriaformosa.gob.ar\/index.php?rest_route=\/wp\/v2\/posts\/15220\/revisions\/15222"}],"wp:featuredmedia":[{"embeddable":true,"href":"https:\/\/defensoriaformosa.gob.ar\/index.php?rest_route=\/wp\/v2\/media\/15221"}],"wp:attachment":[{"href":"https:\/\/defensoriaformosa.gob.ar\/index.php?rest_route=%2Fwp%2Fv2%2Fmedia&parent=15220"}],"wp:term":[{"taxonomy":"category","embeddable":true,"href":"https:\/\/defensoriaformosa.gob.ar\/index.php?rest_route=%2Fwp%2Fv2%2Fcategories&post=15220"},{"taxonomy":"post_tag","embeddable":true,"href":"https:\/\/defensoriaformosa.gob.ar\/index.php?rest_route=%2Fwp%2Fv2%2Ftags&post=15220"}],"curies":[{"name":"wp","href":"https:\/\/api.w.org\/{rel}","templated":true}]}}