{"id":15217,"date":"2024-05-06T23:00:44","date_gmt":"2024-05-07T02:00:44","guid":{"rendered":"https:\/\/defensoriaformosa.gob.ar\/?p=15217"},"modified":"2024-05-07T00:44:55","modified_gmt":"2024-05-07T03:44:55","slug":"instan-al-administrador-general-de-vialidad-nacional-a-reanudar-obras-y-reparar-las-rutas-argentinas","status":"publish","type":"post","link":"https:\/\/defensoriaformosa.gob.ar\/?p=15217","title":{"rendered":"INSTAN AL ADMINISTRADOR GENERAL DE VIALIDAD NACIONAL A REANUDAR OBRAS Y REPARAR LAS RUTAS ARGENTINAS"},"content":{"rendered":"<p><strong><em>-Los Defensores del Pueblo nucleados en -ADPRA-, pedir\u00e1n una Reuni\u00f3n de Trabajo con el Administrador General de Vialidad Nacional, Ing. Ra\u00fal Edgardo B\u00e9rtola-<\/em><\/strong><\/p>\n<p><!--more--><\/p>\n<p>En Reuni\u00f3n Virtual, la &#8211;<strong>Comisi\u00f3n Directiva<\/strong>&#8211; de la Asociaci\u00f3n de Defensores del Pueblo de la Rep\u00fablica Argentina (<strong>ADPRA<\/strong>), <strong>Inst\u00f3 al actual Administrador General de Vialidad Nacional, Ing. Ra\u00fal Edgardo B\u00e9rtola, \u201ca que se reanuden en el menor tiempo material posible todas las obras que se encuentran paralizadas a la fecha por decisi\u00f3n del Gobierno Nacional de Javier Milei, en cuanto a la finalizaci\u00f3n y por otro lado en relaci\u00f3n al mantenimiento y reparaci\u00f3n de las rutas nacionales que surcan el territorio argentino\u201d. <\/strong>Se se\u00f1al\u00f3 como inaceptable que el mantenimiento de nuestras rutas sea considerado una opci\u00f3n y no como una obligaci\u00f3n prioritaria, toda vez que reparar las rutas constituye una responsabilidad ineludible del Estado Nacional para preservar la vida de nuestros ciudadanos y evitar tragedias en nuestras carreteras. <strong>El Defensor del Pueblo de Santa Fe, Jorge Hen,<\/strong> <strong>\u201cexigi\u00f3 en\u00e9rgicamente a Vialidad Nacional que priorice la seguridad vial y el bienestar de los ciudadanos sobre cualquiera otra consideraci\u00f3n, al tiempo que se subray\u00f3 que estos pedidos no tienen relaci\u00f3n alguna con el color pol\u00edtico del gobierno de turno\u201d. <\/strong>En este sentido, el Ombudsman Provincial, <strong>Dr. Jos\u00e9 Leonardo Gialluca<\/strong>, se\u00f1al\u00f3 que estos pedidos los venimos concretando sucesivamente a los Gobiernos Nacionales de Mauricio Macri, Alberto Fern\u00e1ndez y ahora al de Javier Milei. A\u00f1adi\u00f3 que, el deterioro de algunas rutas nacionales en formosa son de una gravedad que viene de hace tiempo y que se va profundizando en la actualidad, como es el caso de la <strong>RN N\u00ba 95, entre otras<\/strong>. Por su parte, <strong>Roberto Spont\u00f3n, Intendente de Malabrigo, Santa Fe<\/strong>, se\u00f1al\u00f3 que en el trayecto Vera-Malabrigo transitan diariamente docentes, trabajadores y camiones que transportan la producci\u00f3n local poniendo en riesgo sus vidas y sus medios de movilidad. \u201cTal es el abandono de ese tramo vial que nos abocamos a cortar los yuyos a la vera de la ruta. No puede ser que Malabrigo, siendo la Ciudad Jard\u00edn y la capital provincial del citrus, tenga su acceso en semejante estado. Ni eso hace Vialidad Nacional\u201d. A esta situaci\u00f3n se sumaron, los 6 Legisladores Nacionales de Juntos por Entre R\u00edos, expresando a la Direcci\u00f3n Nacional de Vialidad, su profunda preocupaci\u00f3n por el deterioro de las rutas nacionales 18, 12, 14 y 127 de esa provincia. <strong>En este contexto, se denunci\u00f3 tambi\u00e9n, \u201cque a la paralizaci\u00f3n de la obra p\u00fablica nacional se le sum\u00f3 el no funcionamiento regular de la L\u00ednea 149 que es un n\u00famero de tel\u00e9fono de -Asistencia a V\u00edctimas y Familiares de Siniestros Viales- que debe funcionar las 24 horas del d\u00eda durante todo el a\u00f1o de manera gratuita en las 23 provincias argentinas\u201d, por lo que hemos pedido su subsistencia para evitar la p\u00e9rdida de m\u00e1s vidas por siniestros, aclar\u00e1ndose que este servicio no reemplaza al de emergencias, por lo que siempre hay que comunicarse primero con el 911.<\/strong><\/p>\n<p>Por \u00faltimo y ante el pedido de la <strong>C\u00e1mara Regional Econ\u00f3mica<\/strong> con sede en El Colorado y adherida a la Federaci\u00f3n Econ\u00f3mica de Formosa, desde el Organismo de la Constituci\u00f3n, se corri\u00f3 traslado a la <strong>Direcci\u00f3n Provincial de Vialidad<\/strong>, frente al pedido de reparaciones de las <strong>Rutas N\u00ba 3<\/strong>, desde el Puente Libertad hasta la intersecci\u00f3n de la Ruta Nacional N\u00ba 81, <strong>Ruta N\u00ba 1<\/strong>, desde el Puente antes citado hasta la intersecci\u00f3n de la Ruta N\u00ba 11 y de la <strong>Ruta N\u00ba 9<\/strong> hasta su conexi\u00f3n con la Ruta Nacional N\u00ba 11.<\/p>\n","protected":false},"excerpt":{"rendered":"<p>-Los Defensores del Pueblo nucleados en -ADPRA-, pedir\u00e1n una Reuni\u00f3n de Trabajo con el Administrador General de Vialidad Nacional, Ing. Ra\u00fal Edgardo B\u00e9rtola-<\/p>\n","protected":false},"author":2,"featured_media":15218,"comment_status":"closed","ping_status":"closed","sticky":false,"template":"","format":"standard","meta":{"footnotes":""},"categories":[1],"tags":[],"class_list":["post-15217","post","type-post","status-publish","format-standard","has-post-thumbnail","hentry","category-noticias"],"_links":{"self":[{"href":"https:\/\/defensoriaformosa.gob.ar\/index.php?rest_route=\/wp\/v2\/posts\/15217","targetHints":{"allow":["GET"]}}],"collection":[{"href":"https:\/\/defensoriaformosa.gob.ar\/index.php?rest_route=\/wp\/v2\/posts"}],"about":[{"href":"https:\/\/defensoriaformosa.gob.ar\/index.php?rest_route=\/wp\/v2\/types\/post"}],"author":[{"embeddable":true,"href":"https:\/\/defensoriaformosa.gob.ar\/index.php?rest_route=\/wp\/v2\/users\/2"}],"replies":[{"embeddable":true,"href":"https:\/\/defensoriaformosa.gob.ar\/index.php?rest_route=%2Fwp%2Fv2%2Fcomments&post=15217"}],"version-history":[{"count":1,"href":"https:\/\/defensoriaformosa.gob.ar\/index.php?rest_route=\/wp\/v2\/posts\/15217\/revisions"}],"predecessor-version":[{"id":15219,"href":"https:\/\/defensoriaformosa.gob.ar\/index.php?rest_route=\/wp\/v2\/posts\/15217\/revisions\/15219"}],"wp:featuredmedia":[{"embeddable":true,"href":"https:\/\/defensoriaformosa.gob.ar\/index.php?rest_route=\/wp\/v2\/media\/15218"}],"wp:attachment":[{"href":"https:\/\/defensoriaformosa.gob.ar\/index.php?rest_route=%2Fwp%2Fv2%2Fmedia&parent=15217"}],"wp:term":[{"taxonomy":"category","embeddable":true,"href":"https:\/\/defensoriaformosa.gob.ar\/index.php?rest_route=%2Fwp%2Fv2%2Fcategories&post=15217"},{"taxonomy":"post_tag","embeddable":true,"href":"https:\/\/defensoriaformosa.gob.ar\/index.php?rest_route=%2Fwp%2Fv2%2Ftags&post=15217"}],"curies":[{"name":"wp","href":"https:\/\/api.w.org\/{rel}","templated":true}]}}