{"id":15210,"date":"2024-05-03T19:52:56","date_gmt":"2024-05-03T22:52:56","guid":{"rendered":"https:\/\/defensoriaformosa.gob.ar\/?p=15210"},"modified":"2024-05-03T19:52:56","modified_gmt":"2024-05-03T22:52:56","slug":"presentan-observaciones-a-las-postulaciones-efectuadas-por-el-pen-por-tratarse-de-dos-candidatos-hombres-para-cubrir-las-vacantes-de-la-csjn","status":"publish","type":"post","link":"https:\/\/defensoriaformosa.gob.ar\/?p=15210","title":{"rendered":"PRESENTAN OBSERVACIONES A LAS POSTULACIONES EFECTUADAS POR EL PEN POR TRATARSE DE DOS CANDIDATOS HOMBRES PARA CUBRIR LAS VACANTES DE LA CSJN"},"content":{"rendered":"<p>Este viernes antes de las 9:00 de la ma\u00f1ana, la <strong>Asociaci\u00f3n de Defensores del Pueblo de la Rep\u00fablica Argentina (ADPRA)<\/strong>, a trav\u00e9s de la actual <strong>Comisi\u00f3n Directiva<\/strong>, Presidida por Mar\u00eda Rosa Mui\u00f1os por CABA, Enrique Pochat por Mor\u00f3n, <strong>Jos\u00e9 Leonardo Gialluca por Formosa<\/strong>, Claudia Bard por Chubut y Bernardo Voloj representando a la Provincia del Chaco, <strong>presentaron formalmente observaciones a las postulaciones de Jueces para cubrir vacantes en la CSJN dispuestas por el P.E.N., en cuanto a los candidatos Manuel Jos\u00e9 Garc\u00eda Mansilla y Ariel Oscar Lijo, \u201c<em><u>toda vez que con las mismas no se garantiza una participaci\u00f3n equitativa de juristas mujeres en el M\u00e1ximo Tribunal de la Rep\u00fablica<\/u><\/em>\u201d.<\/strong> El Ombudsman Provincial, confirm\u00f3 que, el escrito estuvo dirigido al actual <strong>Ministro de Justicia de la Naci\u00f3n, Dr. Mariano C\u00faneo Libarona<\/strong>, respet\u00e1ndose los tiempos y formas establecidos en el art. 6 del Decreto N\u00ba 222\/2003, en el entendimiento que la igualdad de g\u00e9nero en la integraci\u00f3n de la justicia debe ser tenida en cuenta como una pol\u00edtica transversal de respeto por los derechos humanos. Resultando esencial analizar esta tem\u00e1tica desde un enfoque integral en t\u00e9rminos de igualdad y justicia respecto de las mujeres y de su acceso a los superiores tribunales de justicia. Es que la ausencia de mujeres en la Corte Suprema y otros tribunales superiores constituye una deuda pendiente de la democracia de nuestro pa\u00eds al mandato constitucional, adem\u00e1s de una barrera para alcanzar una justicia verdaderamente igualitaria. <strong>Agreg\u00f3 que<\/strong>, el art\u00edculo 75, inciso 23 de la Constituci\u00f3n Nacional configura una garant\u00eda institucional que interdicta toda forma de discriminaci\u00f3n estructural, imponiendo como garant\u00eda la consumaci\u00f3n de medidas de acci\u00f3n positiva. El Estado Nacional debe ser ejemplo de adopci\u00f3n de pr\u00e1cticas afirmativas respecto de la diversidad de g\u00e9nero y la paridad en la integraci\u00f3n de la CSJN, <strong>\u201c<em>por ello instamos a la revisi\u00f3n de las postulaciones que, de ser acordadas por el Senado Nacional, continuar\u00edamos como en la actualidad con el Tribunal compuesto solo por hombres<\/em>\u201d<\/strong>. Se\u00f1al\u00f3 adem\u00e1s que, la Convenci\u00f3n sobre la Eliminaci\u00f3n de Todas las Formas de Discriminaci\u00f3n contra la Mujer (CEDAW) exige que los Estados parte garanticen a las mujeres el derecho a ocupar cargos p\u00fablicos en igualdad de condiciones que los hombres. En igual sentido se expresan el arts. 75 inc. 22 e inc. 23 de la C.N., la CEDAW en su art\u00edculo 7 (b) y sus Recomendaciones Generales n\u00fam. 33 del 2015, n\u00fam. 40 del 2024 y el art\u00edculo 3 del Decreto 222\/2003 en su juego arm\u00f3nico con el inciso 4 del art\u00edculo 99 de la C.N.. <strong>La Asociaci\u00f3n de Defensores del Pueblo concluy\u00f3 que, <\/strong>a 162 a\u00f1os de la creaci\u00f3n de la CSJN, \u00fanicamente 3 mujeres han sido nombradas magistradas del m\u00e1s alto Tribunal siendo sus designaciones momentos hist\u00f3ricos. Creemos que en esta ocasi\u00f3n que el P.E.N. ha tomado la atinada decisi\u00f3n de completar la conformaci\u00f3n de la CSJN, <strong>la misma debe ser completada por dos juristas mujeres, sabiendo que, en nuestro pa\u00eds federal y diverso, tiene en sus provincias, destacadas abogadas que por su formaci\u00f3n y trayectoria podr\u00edan estar a la altura de la responsabilidad que significa ocupar el cargo de Ministra de la Corte Suprema de Justicia<\/strong>.<\/p>\n<p>&nbsp;<\/p>\n","protected":false},"excerpt":{"rendered":"<p>Este viernes antes de las 9:00 de la ma\u00f1ana, la Asociaci\u00f3n de Defensores del Pueblo de la Rep\u00fablica Argentina (ADPRA), a trav\u00e9s de la actual Comisi\u00f3n Directiva, Presidida por Mar\u00eda Rosa Mui\u00f1os por CABA, Enrique Pochat por Mor\u00f3n, Jos\u00e9 Leonardo Gialluca por Formosa, Claudia Bard por Chubut y Bernardo Voloj representando a la Provincia del [&hellip;]<\/p>\n","protected":false},"author":2,"featured_media":15211,"comment_status":"closed","ping_status":"closed","sticky":false,"template":"","format":"standard","meta":{"footnotes":""},"categories":[1],"tags":[],"class_list":["post-15210","post","type-post","status-publish","format-standard","has-post-thumbnail","hentry","category-noticias"],"_links":{"self":[{"href":"https:\/\/defensoriaformosa.gob.ar\/index.php?rest_route=\/wp\/v2\/posts\/15210","targetHints":{"allow":["GET"]}}],"collection":[{"href":"https:\/\/defensoriaformosa.gob.ar\/index.php?rest_route=\/wp\/v2\/posts"}],"about":[{"href":"https:\/\/defensoriaformosa.gob.ar\/index.php?rest_route=\/wp\/v2\/types\/post"}],"author":[{"embeddable":true,"href":"https:\/\/defensoriaformosa.gob.ar\/index.php?rest_route=\/wp\/v2\/users\/2"}],"replies":[{"embeddable":true,"href":"https:\/\/defensoriaformosa.gob.ar\/index.php?rest_route=%2Fwp%2Fv2%2Fcomments&post=15210"}],"version-history":[{"count":1,"href":"https:\/\/defensoriaformosa.gob.ar\/index.php?rest_route=\/wp\/v2\/posts\/15210\/revisions"}],"predecessor-version":[{"id":15212,"href":"https:\/\/defensoriaformosa.gob.ar\/index.php?rest_route=\/wp\/v2\/posts\/15210\/revisions\/15212"}],"wp:featuredmedia":[{"embeddable":true,"href":"https:\/\/defensoriaformosa.gob.ar\/index.php?rest_route=\/wp\/v2\/media\/15211"}],"wp:attachment":[{"href":"https:\/\/defensoriaformosa.gob.ar\/index.php?rest_route=%2Fwp%2Fv2%2Fmedia&parent=15210"}],"wp:term":[{"taxonomy":"category","embeddable":true,"href":"https:\/\/defensoriaformosa.gob.ar\/index.php?rest_route=%2Fwp%2Fv2%2Fcategories&post=15210"},{"taxonomy":"post_tag","embeddable":true,"href":"https:\/\/defensoriaformosa.gob.ar\/index.php?rest_route=%2Fwp%2Fv2%2Ftags&post=15210"}],"curies":[{"name":"wp","href":"https:\/\/api.w.org\/{rel}","templated":true}]}}