{"id":15204,"date":"2024-04-29T18:19:15","date_gmt":"2024-04-29T21:19:15","guid":{"rendered":"https:\/\/defensoriaformosa.gob.ar\/?p=15204"},"modified":"2024-04-29T18:19:15","modified_gmt":"2024-04-29T21:19:15","slug":"exhortan-al-congreso-nacional-a-evaluar-las-consecuencias-negativas-que-producira-la-derogacion-de-la-ley-de-moratoria-previsional","status":"publish","type":"post","link":"https:\/\/defensoriaformosa.gob.ar\/?p=15204","title":{"rendered":"EXHORTAN AL CONGRESO NACIONAL A EVALUAR LAS CONSECUENCIAS NEGATIVAS QUE PRODUCIRA LA DEROGACION DE LA LEY DE MORATORIA PREVISIONAL"},"content":{"rendered":"<p><strong><em>-La Asociaci\u00f3n de Defensores del Pueblo de la Rep\u00fablica Argentina, plante\u00f3 que la derogaci\u00f3n de la Ley de Moratoria Previsional, <\/em>\u201c<u>no solo llevar\u00eda la edad jubilatoria de 65 a\u00f1os para todas las personas, lo cual, perjudica ostensiblemente a las mujeres que hoy se jubilan a los 60 a\u00f1os, sino que, el beneficio propuesto es sustancialmente insuficiente para garantizar la supervivencia, ya que, ser\u00eda tan solo el 80% de una jubilaci\u00f3n m\u00ednima<\/u>\u201d-<\/strong><\/p>\n<p>&nbsp;<\/p>\n<p>El Defensor del Pueblo de la Provincia de Formosa, Dr. Jos\u00e9 Leonardo Gialluca, en su car\u00e1cter de Vicepresidente II de ADPRA, junto a Mar\u00eda Rosa Mui\u00f1os Defensora del Pueblo de CABA, Presidenta, Enrique Pochat Defensor del Municipio de Mor\u00f3n Vicepresidente I, Claudia Bard Defensora del Pueblo de Chubut, Vicepresidente III y Bernardo Voloj Defensor del Pueblo de la Provincia de Chaco como Secretario, <strong>exhortaron a los 257 diputadas\/os del Congreso de la Naci\u00f3n, a tener presente el impacto de las decisiones que adopten, <u>con la derogaci\u00f3n de la Ley de Moratoria Previsional, que dejar\u00e1 en desamparo a un amplio sector de la poblaci\u00f3n de personas mayores, las cuales requieren prestaciones que debe brindarle el Estado Nacional<\/u>. A\u00f1adieron que, si bien se propone la implementaci\u00f3n de una \u201cPrestaci\u00f3n de Retiro Proporcional\u201d en reemplazo de la \u201cMoratoria Previsional\u201d, que no solo llevar\u00eda la edad jubilatoria de 65 a\u00f1os para todas las personas \u2212lo cual perjudica ostensiblemente a las mujeres que hoy se jubilan a los 60 a\u00f1os\u2212, sino que el beneficio propuesto es sustancialmente insuficiente para garantizar la supervivencia, ya que ser\u00eda el 80% de una jubilaci\u00f3n m\u00ednima<\/strong>. En este contexto, es importante resaltar que los principales motivos por los que amplios sectores de la poblaci\u00f3n llegan a la edad jubilatoria sin los a\u00f1os de aportes necesarios <strong>son el empleo informal y la precarizaci\u00f3n laboral, y que la Moratoria Previsional ha sido una respuesta justa para quienes han trabajado en esa situaci\u00f3n<\/strong>. En este sentido, destacaron que ser\u00e1n las mujeres quienes m\u00e1s se ver\u00e1n afectadas, lo cual constituye una <strong>medida regresiva<\/strong> <strong>por ignorar el hecho de que, hist\u00f3ricamente, son ellas quienes llevan adelante las tareas de cuidado duplicando el uso del tiempo respecto de los hombres<\/strong>. La carga que llevan las mujeres sobre tareas de cuidado no remuneradas implica que dedican menos tiempo al desarrollo laboral y profesional, y esto representa una de las razones para que no ingresen al mercado laboral formal y su consiguiente inclusi\u00f3n en el sistema previsional.<strong> Resaltaron que, <\/strong>en el a\u00f1o 2024, la Constituci\u00f3n Nacional cumple 30 a\u00f1os desde su reforma y la incorporaci\u00f3n del art\u00edculo 75 inciso 23, dispone expresamente que el Congreso Nacional, \u201c<strong><em>debe sancionar leyes que establezcan acciones positivas<\/em><\/strong><em> <strong>para garantizar la igualdad real de oportunidades y de trato<\/strong><\/em><strong>\u201d<\/strong>, como as\u00ed tambi\u00e9n, el pleno goce y ejercicio de los derechos reconocidos por la Constituci\u00f3n y por los Tratados Internacionales sobre Derechos Humanos, en particular, respecto de las ni\u00f1as\/os y adolescentes, las mujeres, las personas mayores y las personas con discapacidad. Tambi\u00e9n, destacaron que el principio de progresividad de los derechos econ\u00f3micos, sociales y culturales se encuentra contemplado en el art\u00edculo 26.\u00ba de la Convenci\u00f3n Americana sobre Derechos Humanos y en el art\u00edculo del 2.1 del Pacto Internacional de Derechos Econ\u00f3micos Sociales y Culturales, a los que nuestro pa\u00eds ha adherido. <strong>Por ello, ADPRA exhort\u00f3 al Congreso de la Naci\u00f3n a tener presente el impacto de las decisiones que adopten, para evitar dejar desprotegidas a personas que, por su mayor\u00eda de edad, requieren de las prestaciones que debe brindarle el Estado, sin apartarse de la manda constitucional y la voluntad del convencional constituyente.<\/strong><\/p>\n","protected":false},"excerpt":{"rendered":"<p>-La Asociaci\u00f3n de Defensores del Pueblo de la Rep\u00fablica Argentina, plante\u00f3 que la derogaci\u00f3n de la Ley de Moratoria Previsional, \u201cno solo llevar\u00eda la edad jubilatoria de 65 a\u00f1os para todas las personas, lo cual, perjudica ostensiblemente a las mujeres que hoy se jubilan a los 60 a\u00f1os, sino que, el beneficio propuesto es sustancialmente [&hellip;]<\/p>\n","protected":false},"author":2,"featured_media":15205,"comment_status":"closed","ping_status":"closed","sticky":false,"template":"","format":"standard","meta":{"footnotes":""},"categories":[1],"tags":[],"class_list":["post-15204","post","type-post","status-publish","format-standard","has-post-thumbnail","hentry","category-noticias"],"_links":{"self":[{"href":"https:\/\/defensoriaformosa.gob.ar\/index.php?rest_route=\/wp\/v2\/posts\/15204","targetHints":{"allow":["GET"]}}],"collection":[{"href":"https:\/\/defensoriaformosa.gob.ar\/index.php?rest_route=\/wp\/v2\/posts"}],"about":[{"href":"https:\/\/defensoriaformosa.gob.ar\/index.php?rest_route=\/wp\/v2\/types\/post"}],"author":[{"embeddable":true,"href":"https:\/\/defensoriaformosa.gob.ar\/index.php?rest_route=\/wp\/v2\/users\/2"}],"replies":[{"embeddable":true,"href":"https:\/\/defensoriaformosa.gob.ar\/index.php?rest_route=%2Fwp%2Fv2%2Fcomments&post=15204"}],"version-history":[{"count":1,"href":"https:\/\/defensoriaformosa.gob.ar\/index.php?rest_route=\/wp\/v2\/posts\/15204\/revisions"}],"predecessor-version":[{"id":15206,"href":"https:\/\/defensoriaformosa.gob.ar\/index.php?rest_route=\/wp\/v2\/posts\/15204\/revisions\/15206"}],"wp:featuredmedia":[{"embeddable":true,"href":"https:\/\/defensoriaformosa.gob.ar\/index.php?rest_route=\/wp\/v2\/media\/15205"}],"wp:attachment":[{"href":"https:\/\/defensoriaformosa.gob.ar\/index.php?rest_route=%2Fwp%2Fv2%2Fmedia&parent=15204"}],"wp:term":[{"taxonomy":"category","embeddable":true,"href":"https:\/\/defensoriaformosa.gob.ar\/index.php?rest_route=%2Fwp%2Fv2%2Fcategories&post=15204"},{"taxonomy":"post_tag","embeddable":true,"href":"https:\/\/defensoriaformosa.gob.ar\/index.php?rest_route=%2Fwp%2Fv2%2Ftags&post=15204"}],"curies":[{"name":"wp","href":"https:\/\/api.w.org\/{rel}","templated":true}]}}