{"id":15199,"date":"2024-04-27T14:36:19","date_gmt":"2024-04-27T17:36:19","guid":{"rendered":"https:\/\/defensoriaformosa.gob.ar\/?p=15199"},"modified":"2024-04-27T17:52:31","modified_gmt":"2024-04-27T20:52:31","slug":"reclaman-al-gobierno-nacional-deje-sin-efecto-los-proximos-aumentos-en-el-servicio-de-energia-electrica-y-que-no-se-apliquen-indexaciones-mensuales","status":"publish","type":"post","link":"https:\/\/defensoriaformosa.gob.ar\/?p=15199","title":{"rendered":"RECLAMAN AL GOBIERNO NACIONAL DEJE SIN EFECTO LOS PROXIMOS AUMENTOS EN EL SERVICIO DE ENERGIA ELECTRICA Y QUE NO SE APLIQUEN INDEXACIONES MENSUALES"},"content":{"rendered":"<p><strong><em>-A partir del mes de mayo la Secretaria de Energ\u00eda establecer\u00e1 nuevos aumentos de precios estacionales que impactar\u00e1n especialmente en los usuarios residenciales N2 y N3, como as\u00ed tambi\u00e9n, en las PyMEs e Industrias-<\/em><\/strong><\/p>\n<p><!--more--><\/p>\n<p>El Defensor del Pueblo de la Provincia de Formosa, Dr. Jos\u00e9 Leonardo Gialluca, solicit\u00f3 al Ministro de Econom\u00eda, Luis A. Caputo y al Secretario de Energ\u00eda de Naci\u00f3n, Eduardo R. Chirillo, <strong>dejen sin efecto los nuevos y pr\u00f3ximos aumentos para la energ\u00eda el\u00e9ctrica, que se establecer\u00e1n a partir del mes de mayo y que los usuarios deber\u00e1n enfrentar con sus salarios en las facturas del mes de junio del presente a\u00f1o. Asimismo, requiri\u00f3 no se apliquen, <em>\u201cindexaciones mensuales en la generaci\u00f3n y menos a\u00fan en el transporte energ\u00e9tico, pues esta modalidad implica encarecer fuertemente los costos que deben afrontar los usuarios residenciales y comerciales\u201d<\/em>, dado que ello, m\u00e1s los actuales y elevad\u00edsimos incrementos autorizados en los 4 primeros meses del a\u00f1o, dentro del proceso de sinceramiento que inici\u00f3 el Gobierno Nacional de Javier Milei, para obtener super\u00e1vit fiscal, <u>estos costos se tornan impagables, haciendo que miles de grupos familiares, \u201cingresen a la pobreza energ\u00e9tica, priv\u00e1ndolos de los servicios b\u00e1sicos para llevar una vida digna, toda vez que, sin energ\u00eda es imposible refrigerar alimentos, tener acceso a medios de comunicaci\u00f3n, al suministro de agua o inconvenientes para estudiar entre otros problemas<\/u>\u201d<\/strong>. Se fundament\u00f3 el requerimiento en que, \u201c<strong><u>a partir del mes de mayo la Secretaria de Energ\u00eda establecer\u00e1 nuevos aumentos de precios estacionales que impactar\u00e1n especialmente en los usuarios residenciales N2 y N3, como as\u00ed tambi\u00e9n, en las PyMEs e Industrias<\/u><\/strong>\u201d; record\u00e1ndose que, hasta la fecha contin\u00faa vigente la segmentaci\u00f3n de subsidios, donde los usuarios comprendidos como N1 -altos ingresos-, no reciben ning\u00fan subsidio por parte del Gobierno Nacional y los N2 -bajos ingresos- y los N3 -ingresos medios-, <strong>al superar sus consumos indispensables en cada hogar se encuentran pagando en un alto porcentaje una -Tarifa Plena-<\/strong>. Por \u00faltimo, se se\u00f1al\u00f3 que, la implementaci\u00f3n de la &#8211;<strong>Canasta B\u00e1sica Energ\u00e9tica<\/strong>&#8211; a la cual nos opusimos en las diversas Audiencias P\u00fablicas convocadas por la Secretaria de Energ\u00eda y por el ENRE, no ha sido instrumentada por las dificultades en el entrecruzamiento de datos que se necesitan para determinar qu\u00e9 hogares continuar\u00e1n con la asistencia en sus facturas y por ello, <strong>se insisti\u00f3 en que, al momento de la concreci\u00f3n de dicha Canasta, se tomen par\u00e1metros que permitan auxiliar econ\u00f3micamente a los sectores m\u00e1s vulnerables y que se encuentran dentro de los grupos comprendidos en los de bajos y medios ingresos, debiendo fijarse porcentajes por debajo del 5% (y no del 10% como lo hace el Gobierno Nacional); toda vez que el mismo busca que los subsidios \u00fanicamente se apliquen cuando la factura exceda el 10% del ingreso del hogar y siempre sobre dicho monto excedente, supuestamente en base a que en argentina el pago de la energ\u00eda implica tan solo el 3% del costo de los hogares, <em>\u201ccuando observamos a diario que para hacer frente a las actuales tarifas impuestas, cada grupo familiar, est\u00e1 destinando entre un 40 y hasta 50% de sus ingresos para poder pagar el servicio de energ\u00eda el\u00e9ctrica\u201d.<\/em><\/strong><\/p>\n<p>&nbsp;<\/p>\n","protected":false},"excerpt":{"rendered":"<p>-A partir del mes de mayo la Secretaria de Energ\u00eda establecer\u00e1 nuevos aumentos de precios estacionales que impactar\u00e1n especialmente en los usuarios residenciales N2 y N3, como as\u00ed tambi\u00e9n, en las PyMEs e Industrias-<\/p>\n","protected":false},"author":2,"featured_media":15200,"comment_status":"closed","ping_status":"closed","sticky":false,"template":"","format":"standard","meta":{"footnotes":""},"categories":[1],"tags":[],"class_list":["post-15199","post","type-post","status-publish","format-standard","has-post-thumbnail","hentry","category-noticias"],"_links":{"self":[{"href":"https:\/\/defensoriaformosa.gob.ar\/index.php?rest_route=\/wp\/v2\/posts\/15199","targetHints":{"allow":["GET"]}}],"collection":[{"href":"https:\/\/defensoriaformosa.gob.ar\/index.php?rest_route=\/wp\/v2\/posts"}],"about":[{"href":"https:\/\/defensoriaformosa.gob.ar\/index.php?rest_route=\/wp\/v2\/types\/post"}],"author":[{"embeddable":true,"href":"https:\/\/defensoriaformosa.gob.ar\/index.php?rest_route=\/wp\/v2\/users\/2"}],"replies":[{"embeddable":true,"href":"https:\/\/defensoriaformosa.gob.ar\/index.php?rest_route=%2Fwp%2Fv2%2Fcomments&post=15199"}],"version-history":[{"count":2,"href":"https:\/\/defensoriaformosa.gob.ar\/index.php?rest_route=\/wp\/v2\/posts\/15199\/revisions"}],"predecessor-version":[{"id":15203,"href":"https:\/\/defensoriaformosa.gob.ar\/index.php?rest_route=\/wp\/v2\/posts\/15199\/revisions\/15203"}],"wp:featuredmedia":[{"embeddable":true,"href":"https:\/\/defensoriaformosa.gob.ar\/index.php?rest_route=\/wp\/v2\/media\/15200"}],"wp:attachment":[{"href":"https:\/\/defensoriaformosa.gob.ar\/index.php?rest_route=%2Fwp%2Fv2%2Fmedia&parent=15199"}],"wp:term":[{"taxonomy":"category","embeddable":true,"href":"https:\/\/defensoriaformosa.gob.ar\/index.php?rest_route=%2Fwp%2Fv2%2Fcategories&post=15199"},{"taxonomy":"post_tag","embeddable":true,"href":"https:\/\/defensoriaformosa.gob.ar\/index.php?rest_route=%2Fwp%2Fv2%2Ftags&post=15199"}],"curies":[{"name":"wp","href":"https:\/\/api.w.org\/{rel}","templated":true}]}}