{"id":15176,"date":"2024-04-19T17:24:30","date_gmt":"2024-04-19T20:24:30","guid":{"rendered":"https:\/\/defensoriaformosa.gob.ar\/?p=15176"},"modified":"2024-04-19T17:24:30","modified_gmt":"2024-04-19T20:24:30","slug":"estima-que-mas-de-la-mitad-de-los-argentinos-viven-en-la-pobreza","status":"publish","type":"post","link":"https:\/\/defensoriaformosa.gob.ar\/?p=15176","title":{"rendered":"ESTIMA QUE M\u00c1S DE LA MITAD DE LOS ARGENTINOS VIVEN EN LA POBREZA"},"content":{"rendered":"<p><strong>-El Ombudsman Provincial Dr. Jos\u00e9 Leonardo Gialluca denunci\u00f3 que, por los aumentos de precios en los alimentos, medicamentos, servicios p\u00fablicos esenciales, energ\u00eda el\u00e9ctrica, agua potable, gas, alquileres y otros, en los primeros meses del 2024, \u201c<em>la clase media va rumbo a la extinci\u00f3n y los que eran pobres hacia la indigencia\u201d<\/em>&#8211;<\/strong><\/p>\n<p><!--more--><\/p>\n<p>La <strong>Canasta B\u00e1sica Alimentaria<\/strong> se increment\u00f3 en un 11,9% en marzo, seg\u00fan informes del Instituto Nacional de Estad\u00edstica y Censos (INDEC), por lo que una familia tipo necesit\u00f3 <strong>$773.385<\/strong> para no ser <strong>pobre<\/strong>, sin incluir el valor de un alquiler de vivienda, lo que determin\u00f3 que esta misma familia requiriera ingresos por <strong>$359.000<\/strong> para no caer en la <strong>indigencia<\/strong>. En el caso de un hogar de tres integrantes la Canasta B\u00e1sica Total lleg\u00f3 a <strong>$ 615.705, <\/strong>la cual incluye vestimenta, transporte, medicamentos y la Canasta B\u00e1sica Alimentaria fue de <strong>$ 285.048<\/strong>. Para una familia de 5 miembros la CBT alcanz\u00f3 los <strong>$ 813.431<\/strong> y la CBA a <strong>$ 376.588<\/strong>; <strong>todo ello por los incrementos de alimentos y tarifas de los servicios p\u00fablicos en los primeros meses del 2.024.<\/strong> Por lo cual, desde la Defensor\u00eda del Pueblo de la Provincia de Formosa, <strong>se consider\u00f3 que en el mes de marzo una familia tipo para ser considerada de clase media debi\u00f3 tener ingresos superiores a $ 1.100.000, complic\u00e1ndose esta situaci\u00f3n si la misma alquila una vivienda. <\/strong>Esta es la raz\u00f3n por que la denominada clase media asalariada y profesionales van cayendo en la pobreza y los que ya eran o son pobres se desploman en la indigencia. En nuestro pa\u00eds la<strong> pobreza trep\u00f3 al 52% de la poblaci\u00f3n en el primer trimestre del a\u00f1o, porcentaje que implica que 1,5 mill\u00f3n de personas cayeran en esa situaci\u00f3n durante ese per\u00edodo<\/strong>, estimaci\u00f3n que ha sido concretada por el economista Mart\u00edn Gonz\u00e1lez Rozada, de la Universidad Torcuato Di Tella, quien indic\u00f3:\u00a0<strong>\u00abcomo aument\u00f3 tanto la Canasta B\u00e1sica Total y los ingresos no se han recuperado, la pobreza subi\u00f3\u00bb.<\/strong><\/p>\n","protected":false},"excerpt":{"rendered":"<p>-El Ombudsman Provincial Dr. Jos\u00e9 Leonardo Gialluca denunci\u00f3 que, por los aumentos de precios en los alimentos, medicamentos, servicios p\u00fablicos esenciales, energ\u00eda el\u00e9ctrica, agua potable, gas, alquileres y otros, en los primeros meses del 2024, \u201cla clase media va rumbo a la extinci\u00f3n y los que eran pobres hacia la indigencia\u201d&#8211;<\/p>\n","protected":false},"author":2,"featured_media":15177,"comment_status":"closed","ping_status":"closed","sticky":false,"template":"","format":"standard","meta":{"footnotes":""},"categories":[1],"tags":[],"class_list":["post-15176","post","type-post","status-publish","format-standard","has-post-thumbnail","hentry","category-noticias"],"_links":{"self":[{"href":"https:\/\/defensoriaformosa.gob.ar\/index.php?rest_route=\/wp\/v2\/posts\/15176","targetHints":{"allow":["GET"]}}],"collection":[{"href":"https:\/\/defensoriaformosa.gob.ar\/index.php?rest_route=\/wp\/v2\/posts"}],"about":[{"href":"https:\/\/defensoriaformosa.gob.ar\/index.php?rest_route=\/wp\/v2\/types\/post"}],"author":[{"embeddable":true,"href":"https:\/\/defensoriaformosa.gob.ar\/index.php?rest_route=\/wp\/v2\/users\/2"}],"replies":[{"embeddable":true,"href":"https:\/\/defensoriaformosa.gob.ar\/index.php?rest_route=%2Fwp%2Fv2%2Fcomments&post=15176"}],"version-history":[{"count":1,"href":"https:\/\/defensoriaformosa.gob.ar\/index.php?rest_route=\/wp\/v2\/posts\/15176\/revisions"}],"predecessor-version":[{"id":15178,"href":"https:\/\/defensoriaformosa.gob.ar\/index.php?rest_route=\/wp\/v2\/posts\/15176\/revisions\/15178"}],"wp:featuredmedia":[{"embeddable":true,"href":"https:\/\/defensoriaformosa.gob.ar\/index.php?rest_route=\/wp\/v2\/media\/15177"}],"wp:attachment":[{"href":"https:\/\/defensoriaformosa.gob.ar\/index.php?rest_route=%2Fwp%2Fv2%2Fmedia&parent=15176"}],"wp:term":[{"taxonomy":"category","embeddable":true,"href":"https:\/\/defensoriaformosa.gob.ar\/index.php?rest_route=%2Fwp%2Fv2%2Fcategories&post=15176"},{"taxonomy":"post_tag","embeddable":true,"href":"https:\/\/defensoriaformosa.gob.ar\/index.php?rest_route=%2Fwp%2Fv2%2Ftags&post=15176"}],"curies":[{"name":"wp","href":"https:\/\/api.w.org\/{rel}","templated":true}]}}