{"id":15172,"date":"2024-04-18T21:12:14","date_gmt":"2024-04-19T00:12:14","guid":{"rendered":"https:\/\/defensoriaformosa.gob.ar\/?p=15172"},"modified":"2024-04-18T21:12:14","modified_gmt":"2024-04-19T00:12:14","slug":"desde-la-defensoria-solicitaron-urgentes-medidas-al-estado-nacional-luego-del-robo-de-banco-de-datos","status":"publish","type":"post","link":"https:\/\/defensoriaformosa.gob.ar\/?p=15172","title":{"rendered":"DESDE LA DEFENSOR\u00cdA SOLICITARON URGENTES MEDIDAS AL ESTADO NACIONAL LUEGO DEL ROBO DE BANCO DE DATOS"},"content":{"rendered":"<p><strong><em>-La Unidad Fiscal Especializada en Ciberdelincuencia UFECI a cargo de Horacio Azzolin, investiga el Hackeo de las bases de datos, donde entre las licencias intrusadas fueron exhibidas las del Presidente Javier Milei, la de Patricia Bullrich Ministra de Seguridad y Luis Petri de Defensa, las que fueron ofrecidas en venta en la red social X-<\/em><\/strong><\/p>\n<p><!--more--><\/p>\n<p>Desde la Direcci\u00f3n de Asuntos Constitucionales de la Defensor\u00eda del Pueblo de la Provincia, solicitaron al Director Nacional del Registro Nacional de las Personas (RENAPER), Pablo Santos y a la Directora de la Agencia Nacional de Seguridad Vial (ANSV), Daniela Fernanda Ortiz que adopten las medidas urgentes que el caso amerita, ante la \u201cfiltraci\u00f3n\u201d de datos de cerca de seis millones de personas, informaci\u00f3n vinculada con la expedici\u00f3n de permisos de conducir. Sobre el particular, el Defensor del Pueblo de la Provincia, Jos\u00e9 Leonardo Gialluca, calific\u00f3 al hecho de \u201cmuy grave\u201d y consider\u00f3 que las autoridades nacionales \u201cno le est\u00e1n dando importancia a este tema\u201d. Bases de datos, c\u00f3digo fuente, API, contrase\u00f1as, fotos y huellas, que consisten en datos sumamente sensibles para los afectados se est\u00e1n poniendo en venta en el mercado marginal. \u00bfA qu\u00e9 puede llevar esto? \u2013 cuestion\u00f3 el funcionario \u2013 A la exposici\u00f3n de millones de personas a \u201cciberfraudes\u201d de toda clase, con directa afectaci\u00f3n a su patrimonio. Hemos tomado conocimiento de un comunicado ambiguo de parte del Gobierno Nacional, pues afirma que no ha existido hackeo para, a rengl\u00f3n seguido, afirmar que han sido delincuentes inform\u00e1ticos (hackers), quienes han accedido a un n\u00famero limitado de datos personales. El Ombudsman Provincial, remarc\u00f3 que: \u201cNo se tiene certeza del n\u00famero de formose\u00f1os afectados, pero si los hubiere bueno ser\u00eda que sean prevenidos tanto por el RENAPER como por la ANSV de tal circunstancia a efectos de que adopten las medidas de prevenci\u00f3n del caso. Estimamos que lo deber\u00edan hacer, pues son los depositarios de la informaci\u00f3n sustra\u00edda ilegalmente y eventuales responsables de las consecuencias que pudieran derivarse de su negligencia.\u201d Finalmente, desde el Organismo de la Constituci\u00f3n, se subray\u00f3 que de igual manera se ha solicitado a los organismos nacionales que adopten cuantas medidas sean necesarias para evitar que hechos como el ocurrido se repitan.-<\/p>\n","protected":false},"excerpt":{"rendered":"<p>-La Unidad Fiscal Especializada en Ciberdelincuencia UFECI a cargo de Horacio Azzolin, investiga el Hackeo de las bases de datos, donde entre las licencias intrusadas fueron exhibidas las del Presidente Javier Milei, la de Patricia Bullrich Ministra de Seguridad y Luis Petri de Defensa, las que fueron ofrecidas en venta en la red social X-<\/p>\n","protected":false},"author":2,"featured_media":15173,"comment_status":"closed","ping_status":"closed","sticky":false,"template":"","format":"standard","meta":{"footnotes":""},"categories":[1],"tags":[],"class_list":["post-15172","post","type-post","status-publish","format-standard","has-post-thumbnail","hentry","category-noticias"],"_links":{"self":[{"href":"https:\/\/defensoriaformosa.gob.ar\/index.php?rest_route=\/wp\/v2\/posts\/15172","targetHints":{"allow":["GET"]}}],"collection":[{"href":"https:\/\/defensoriaformosa.gob.ar\/index.php?rest_route=\/wp\/v2\/posts"}],"about":[{"href":"https:\/\/defensoriaformosa.gob.ar\/index.php?rest_route=\/wp\/v2\/types\/post"}],"author":[{"embeddable":true,"href":"https:\/\/defensoriaformosa.gob.ar\/index.php?rest_route=\/wp\/v2\/users\/2"}],"replies":[{"embeddable":true,"href":"https:\/\/defensoriaformosa.gob.ar\/index.php?rest_route=%2Fwp%2Fv2%2Fcomments&post=15172"}],"version-history":[{"count":1,"href":"https:\/\/defensoriaformosa.gob.ar\/index.php?rest_route=\/wp\/v2\/posts\/15172\/revisions"}],"predecessor-version":[{"id":15174,"href":"https:\/\/defensoriaformosa.gob.ar\/index.php?rest_route=\/wp\/v2\/posts\/15172\/revisions\/15174"}],"wp:featuredmedia":[{"embeddable":true,"href":"https:\/\/defensoriaformosa.gob.ar\/index.php?rest_route=\/wp\/v2\/media\/15173"}],"wp:attachment":[{"href":"https:\/\/defensoriaformosa.gob.ar\/index.php?rest_route=%2Fwp%2Fv2%2Fmedia&parent=15172"}],"wp:term":[{"taxonomy":"category","embeddable":true,"href":"https:\/\/defensoriaformosa.gob.ar\/index.php?rest_route=%2Fwp%2Fv2%2Fcategories&post=15172"},{"taxonomy":"post_tag","embeddable":true,"href":"https:\/\/defensoriaformosa.gob.ar\/index.php?rest_route=%2Fwp%2Fv2%2Ftags&post=15172"}],"curies":[{"name":"wp","href":"https:\/\/api.w.org\/{rel}","templated":true}]}}