{"id":15169,"date":"2024-04-17T20:22:06","date_gmt":"2024-04-17T23:22:06","guid":{"rendered":"https:\/\/defensoriaformosa.gob.ar\/?p=15169"},"modified":"2024-04-17T20:22:06","modified_gmt":"2024-04-17T23:22:06","slug":"afirman-que-las-medidas-contra-las-subas-de-las-prepagas-son-insuficientes-y-confusas","status":"publish","type":"post","link":"https:\/\/defensoriaformosa.gob.ar\/?p=15169","title":{"rendered":"AFIRMAN QUE LAS MEDIDAS CONTRA LAS SUBAS DE LAS PREPAGAS SON INSUFICIENTES Y CONFUSAS"},"content":{"rendered":"<p><strong><em>-La Resoluci\u00f3n de la Secretar\u00eda de Industria y Comercio se aplica a un n\u00famero limitado de empresas y no incluye la devoluci\u00f3n de pagos realizados por los afiliados entre diciembre del 2023 y abril del 2024. Por otra parte, no da respuestas a quienes se dieron de baja ante el aumento de los costos, abriendo la posibilidad de que las prepagas rechacen a las personas mayores, enfermos cr\u00f3nicos o aquellos que necesitan estudios complejos; <u>por lo que se concret\u00f3 un pedido de aclaratoria y modificaciones a su titular Pablo Lavigne<\/u>. Gialluca, tild\u00f3 a la resoluci\u00f3n de contradictoria, dado que el DNU N\u00b0 70\/ 2023 del Gobierno Nacional desregul\u00f3 el sector y liber\u00f3 los precios-<\/em><\/strong><\/p>\n<p><!--more--><\/p>\n<p>Desde la Defensor\u00eda del Pueblo de la Provincia de Formosa, se inform\u00f3 que el Gobierno Nacional mediante Resoluci\u00f3n del Secretario de Industria y Comercio Pablo Agust\u00edn Lavigne de fecha 17 de abril del corriente a\u00f1o, en base a una medida de tutela anticipada de la Comisi\u00f3n Nacional de Defensa a la Competencia orden\u00f3 reajustar los valores de las cuotas de los planes de salud seg\u00fan la inflaci\u00f3n, en medio de la crisis econ\u00f3mica y los cuestionamientos por los aumentos de las prepagas, las empresas\u00a0deber\u00e1n retrotraer las cuotas\u00a0a los montos de diciembre 2023 y recalcular su valor ajust\u00e1ndolo por inflaci\u00f3n (IPC). Las empresas alcanzadas son: * Osde, * Galeno, * Hospital Brit\u00e1nico, * Hospital Alem\u00e1n, * Medif\u00e9, * Swiss Medical, * Omint. <strong>En este contexto el Ombudsman Provincial Dr. Jos\u00e9 Leonardo Gialluca, \u201c<em>se\u00f1al\u00f3 que Institucionalmente continuaremos con la recepci\u00f3n de reclamos de los afiliados, pero aclar\u00f3 que el Juzgado Federal N\u00ba 2 de Concepci\u00f3n del Uruguay a cargo de la Dra. Mar\u00eda Isabel Caccioppoli, desde el d\u00eda de ayer, <u>no acepta m\u00e1s Adherentes a la Acci\u00f3n Colectiva caratulada: MORSENTTI, FERNANDO ISMAEL Y OTROS c\/OSDE s\/AMPARO COLECTIVO<\/u> Expte. 1461\/2024, <u>lo cual permiti\u00f3 que en nuestra jurisdicci\u00f3n se hiciera lugar a trav\u00e9s del Juzgado Federal N\u00ba 2 a cargo de la Dra. L\u00f3pez Mace, a una Acci\u00f3n de Amparo, en base a la Acordada N\u00ba 12\/16 de la CSJN, al presentarse semejanzas sustanciales en el reclamo y remiti\u00e9ndose el mismo a la Justicia de Entre R\u00edos\u201d.<\/u><\/em><\/strong> El funcionario provincial, <strong>critic\u00f3 duramente la Medida Cautelar Selectiva dictada desde el Gobierno Nacional, pues la misma se dirige \u00fanicamente a ciertas entidades de Medicina Prepaga denunciadas, lo que genera desigualdad entre los usuarios de estas entidades y los de otras no incluidas en la misma<\/strong>. Por otro lado, se\u00f1al\u00f3 que la <strong>Limitaci\u00f3n de Aumento de Cuotas<\/strong> establece un l\u00edmite al aumento de las cuotas mensuales de los planes de salud de las entidades denunciadas, calculado en funci\u00f3n de la variaci\u00f3n porcentual entre el \u00cdndice de Precios al Consumidor (IPC) vigente y el IPC de diciembre de 2023, <strong>siendo que los incrementos fueron por encima de un 150% y ahora las mismas deber\u00e1n bajar las cuotas en un 20 o 25%, expulsando a los usuarios discapacitados, adultos mayores, enfermos cr\u00f3nicos o aquellos que necesitan estudios complejos. <\/strong>A\u00f1adi\u00f3 que la medida no incluye la devoluci\u00f3n de pagos realizados por los afiliados entre diciembre de 2023 y abril de 2024, lo que genera insatisfacci\u00f3n entre los afiliados, lo que se suma a la confusi\u00f3n por la falta de claridad en la aplicaci\u00f3n de la f\u00f3rmula para calcular las cuotas mensuales, que dificultar\u00e1 el contralor necesario por parte de los usuarios.<\/p>\n","protected":false},"excerpt":{"rendered":"<p>-La Resoluci\u00f3n de la Secretar\u00eda de Industria y Comercio se aplica a un n\u00famero limitado de empresas y no incluye la devoluci\u00f3n de pagos realizados por los afiliados entre diciembre del 2023 y abril del 2024. Por otra parte, no da respuestas a quienes se dieron de baja ante el aumento de los costos, abriendo [&hellip;]<\/p>\n","protected":false},"author":2,"featured_media":15170,"comment_status":"closed","ping_status":"closed","sticky":false,"template":"","format":"standard","meta":{"footnotes":""},"categories":[1],"tags":[],"class_list":["post-15169","post","type-post","status-publish","format-standard","has-post-thumbnail","hentry","category-noticias"],"_links":{"self":[{"href":"https:\/\/defensoriaformosa.gob.ar\/index.php?rest_route=\/wp\/v2\/posts\/15169","targetHints":{"allow":["GET"]}}],"collection":[{"href":"https:\/\/defensoriaformosa.gob.ar\/index.php?rest_route=\/wp\/v2\/posts"}],"about":[{"href":"https:\/\/defensoriaformosa.gob.ar\/index.php?rest_route=\/wp\/v2\/types\/post"}],"author":[{"embeddable":true,"href":"https:\/\/defensoriaformosa.gob.ar\/index.php?rest_route=\/wp\/v2\/users\/2"}],"replies":[{"embeddable":true,"href":"https:\/\/defensoriaformosa.gob.ar\/index.php?rest_route=%2Fwp%2Fv2%2Fcomments&post=15169"}],"version-history":[{"count":1,"href":"https:\/\/defensoriaformosa.gob.ar\/index.php?rest_route=\/wp\/v2\/posts\/15169\/revisions"}],"predecessor-version":[{"id":15171,"href":"https:\/\/defensoriaformosa.gob.ar\/index.php?rest_route=\/wp\/v2\/posts\/15169\/revisions\/15171"}],"wp:featuredmedia":[{"embeddable":true,"href":"https:\/\/defensoriaformosa.gob.ar\/index.php?rest_route=\/wp\/v2\/media\/15170"}],"wp:attachment":[{"href":"https:\/\/defensoriaformosa.gob.ar\/index.php?rest_route=%2Fwp%2Fv2%2Fmedia&parent=15169"}],"wp:term":[{"taxonomy":"category","embeddable":true,"href":"https:\/\/defensoriaformosa.gob.ar\/index.php?rest_route=%2Fwp%2Fv2%2Fcategories&post=15169"},{"taxonomy":"post_tag","embeddable":true,"href":"https:\/\/defensoriaformosa.gob.ar\/index.php?rest_route=%2Fwp%2Fv2%2Ftags&post=15169"}],"curies":[{"name":"wp","href":"https:\/\/api.w.org\/{rel}","templated":true}]}}