{"id":15166,"date":"2024-04-16T17:15:20","date_gmt":"2024-04-16T20:15:20","guid":{"rendered":"https:\/\/defensoriaformosa.gob.ar\/?p=15166"},"modified":"2024-04-16T17:15:20","modified_gmt":"2024-04-16T20:15:20","slug":"intiman-al-administrador-general-de-vialidad-nacional-a-la-finalizacion-reparacion-y-mantenimiento-de-rutas-nacionales","status":"publish","type":"post","link":"https:\/\/defensoriaformosa.gob.ar\/?p=15166","title":{"rendered":"INTIMAN AL ADMINISTRADOR GENERAL DE VIALIDAD NACIONAL A LA FINALIZACI\u00d3N, REPARACI\u00d3N Y MANTENIMIENTO DE RUTAS NACIONALES"},"content":{"rendered":"<p><strong>&#8211;<em>La instancia surgi\u00f3 de los Defensores del Pueblo nucleados en ADPRA, quienes denunciaron la paralizaci\u00f3n de obras viales que originan, una mayor siniestralidad vial a la par de perjudicar gravemente las econom\u00edas regionales<\/em>&#8211;<\/strong><\/p>\n<p><!--more--><\/p>\n<p>El Defensor del Pueblo de la Provincia de Formosa Dr. Jos\u00e9 Leonardo Gialluca, en su car\u00e1cter de Vicepresidente II de ADPRA, junto a Mar\u00eda Rosa Mui\u00f1os Defensora del Pueblo de CABA -Presidenta-, Enrique Pochat Defensor del Pueblo de Mor\u00f3n -Vicepresidente I-, Claudia Bard Defensora del Pueblo de Chubut -Vice Presidenta III- y el Bernardo Voloj Defensor del Pueblo de la Provincia de Chaco -Secretario -, <strong>instaron al Administrador General de la Direcci\u00f3n Nacional de Vialidad, Ra\u00fal Edgardo Bertola<\/strong>, <strong>\u201c<em>que se reanuden en el menor tiempo material posible, todas las obras que se encuentran paralizadas a la fecha por decisi\u00f3n del actual Gobierno Nacional, en cuanto a la finalizaci\u00f3n, mantenimiento y reparaci\u00f3n de las rutas nacionales que surcan el territorio argentino\u201d.<\/em><\/strong><\/p>\n<p>El Ombudsman Provincial, remiti\u00f3 al recientemente designado Ingeniero <strong>V\u00edctor Ram\u00f3n Padilla<\/strong> nuevo Jefe del Distrito de Vialidad Nacional en Formosa, el Anexo, \u201c<strong><em>donde se peticiona el <\/em>mantenimiento de la Ruta Nacional (RN) 11, entre las ciudades de Reconquista (Santa Fe) a Resistencia (Chaco) y de La Leonesa (Chaco) a Tatan\u00e9, hasta el\u00a0<\/strong><a href=\"https:\/\/es.wikipedia.org\/wiki\/Puente_internacional_San_Ignacio_de_Loyola\"><strong>Puente internacional San Ignacio de Loyola<\/strong><\/a><strong> y su derivaci\u00f3n hacia Puerto Pilcomayo (Formosa) uniendo la misma, las\u00a0<\/strong><a href=\"https:\/\/es.wikipedia.org\/wiki\/Provincia\"><strong>provincias<\/strong><\/a><strong>\u00a0de\u00a0<\/strong><a href=\"https:\/\/es.wikipedia.org\/wiki\/Provincia_de_Santa_Fe\"><strong>Santa Fe<\/strong><\/a><strong>,\u00a0<\/strong><a href=\"https:\/\/es.wikipedia.org\/wiki\/Provincia_del_Chaco\"><strong>Chaco<\/strong><\/a><strong>\u00a0y\u00a0<\/strong><a href=\"https:\/\/es.wikipedia.org\/wiki\/Provincia_de_Formosa\"><strong>Formosa<\/strong><\/a><strong>, desde que nace en la\u00a0<\/strong><a href=\"https:\/\/es.wikipedia.org\/wiki\/Ruta_Nacional_A008_(Argentina)\"><strong>Circunvalaci\u00f3n de Rosario<\/strong><\/a><strong>\u00a0hasta que termina en la frontera con\u00a0<\/strong><a href=\"https:\/\/es.wikipedia.org\/wiki\/Paraguay\"><strong>Paraguay<\/strong><\/a><strong>. \u00a0Asimismo, se incluy\u00f3 la RN 81<\/strong>, <strong>que atraviesa todo Formosa y finaliza en el este de la\u00a0<\/strong><a href=\"https:\/\/es.wikipedia.org\/wiki\/Provincia_de_Salta\"><strong>Provincia de Salta<\/strong><\/a><strong>. As\u00ed como tambi\u00e9n la\u00a0Ruta Nacional 86,\u00a0en su recorrido de 521 km paralela al\u00a0<\/strong><a href=\"https:\/\/es.wikipedia.org\/wiki\/R%C3%ADo_Pilcomayo\"><strong>R\u00edo Pilcomayo<\/strong><\/a><strong>, y que une la Ciudad de\u00a0<\/strong><a href=\"https:\/\/es.wikipedia.org\/wiki\/Clorinda_(ciudad)\"><strong>Clorinda<\/strong><\/a><strong>\u00a0y el Paraje Puerto Irigoyen; agreg\u00e1ndose la RN 95\u00a0entre las provincias de\u00a0<\/strong><a href=\"https:\/\/es.wikipedia.org\/wiki\/Provincia_de_Santa_Fe\"><strong>Santa Fe<\/strong><\/a><strong>,\u00a0<\/strong><a href=\"https:\/\/es.wikipedia.org\/wiki\/Provincia_del_Chaco\"><strong>Chaco<\/strong><\/a><strong>\u00a0y\u00a0<\/strong><a href=\"https:\/\/es.wikipedia.org\/wiki\/Provincia_de_Formosa\"><strong>Formosa<\/strong><\/a><strong>, en su recorrido de 675 kil\u00f3metros que conecta las ciudades de\u00a0<\/strong><a href=\"https:\/\/es.wikipedia.org\/wiki\/Ceres_(Santa_Fe)\"><strong>Ceres<\/strong><\/a><strong>\u00a0(Santa Fe) y\u00a0<\/strong><a href=\"https:\/\/es.wikipedia.org\/wiki\/Villa_General_G%C3%BCemes\"><strong>Villa General G\u00fcemes<\/strong><\/a><strong> (Formosa). <\/strong>La Asociaci\u00f3n de Defensores del Pueblo de la Rep\u00fablica Argentina, denunciaron que es fundamental que se resuelva esta situaci\u00f3n a la brevedad, para evitar mayor n\u00famero de siniestros viales y graves perjuicios econ\u00f3micos a los usuarios de nuestra red de tr\u00e1nsito y transporte nacional. Se\u00f1al\u00e1ndose que en algunos lugares es nula la se\u00f1alizaci\u00f3n, falta de iluminaci\u00f3n, especialmente en los cruces de rutas, baches, pozos, grietas y deformaciones de la calzada; <strong>lo que no solo afecta la seguridad vial, sino que tambi\u00e9n impacta negativamente en la econom\u00eda del pa\u00eds.<\/strong><\/p>\n","protected":false},"excerpt":{"rendered":"<p>&#8211;La instancia surgi\u00f3 de los Defensores del Pueblo nucleados en ADPRA, quienes denunciaron la paralizaci\u00f3n de obras viales que originan, una mayor siniestralidad vial a la par de perjudicar gravemente las econom\u00edas regionales&#8211;<\/p>\n","protected":false},"author":2,"featured_media":15167,"comment_status":"closed","ping_status":"closed","sticky":false,"template":"","format":"standard","meta":{"footnotes":""},"categories":[1],"tags":[],"class_list":["post-15166","post","type-post","status-publish","format-standard","has-post-thumbnail","hentry","category-noticias"],"_links":{"self":[{"href":"https:\/\/defensoriaformosa.gob.ar\/index.php?rest_route=\/wp\/v2\/posts\/15166","targetHints":{"allow":["GET"]}}],"collection":[{"href":"https:\/\/defensoriaformosa.gob.ar\/index.php?rest_route=\/wp\/v2\/posts"}],"about":[{"href":"https:\/\/defensoriaformosa.gob.ar\/index.php?rest_route=\/wp\/v2\/types\/post"}],"author":[{"embeddable":true,"href":"https:\/\/defensoriaformosa.gob.ar\/index.php?rest_route=\/wp\/v2\/users\/2"}],"replies":[{"embeddable":true,"href":"https:\/\/defensoriaformosa.gob.ar\/index.php?rest_route=%2Fwp%2Fv2%2Fcomments&post=15166"}],"version-history":[{"count":1,"href":"https:\/\/defensoriaformosa.gob.ar\/index.php?rest_route=\/wp\/v2\/posts\/15166\/revisions"}],"predecessor-version":[{"id":15168,"href":"https:\/\/defensoriaformosa.gob.ar\/index.php?rest_route=\/wp\/v2\/posts\/15166\/revisions\/15168"}],"wp:featuredmedia":[{"embeddable":true,"href":"https:\/\/defensoriaformosa.gob.ar\/index.php?rest_route=\/wp\/v2\/media\/15167"}],"wp:attachment":[{"href":"https:\/\/defensoriaformosa.gob.ar\/index.php?rest_route=%2Fwp%2Fv2%2Fmedia&parent=15166"}],"wp:term":[{"taxonomy":"category","embeddable":true,"href":"https:\/\/defensoriaformosa.gob.ar\/index.php?rest_route=%2Fwp%2Fv2%2Fcategories&post=15166"},{"taxonomy":"post_tag","embeddable":true,"href":"https:\/\/defensoriaformosa.gob.ar\/index.php?rest_route=%2Fwp%2Fv2%2Ftags&post=15166"}],"curies":[{"name":"wp","href":"https:\/\/api.w.org\/{rel}","templated":true}]}}