{"id":15154,"date":"2024-04-11T18:51:20","date_gmt":"2024-04-11T21:51:20","guid":{"rendered":"https:\/\/defensoriaformosa.gob.ar\/?p=15154"},"modified":"2024-04-11T20:53:37","modified_gmt":"2024-04-11T23:53:37","slug":"intiman-al-intendente-al-director-de-transporte-y-al-concejo-deliberante-a-tomar-medidas-que-aseguren-la-disponibilidad-del-transporte-publico-en-la-ciudad","status":"publish","type":"post","link":"https:\/\/defensoriaformosa.gob.ar\/?p=15154","title":{"rendered":"INTIMAN AL INTENDENTE, AL DIRECTOR DE TRANSPORTE Y AL CONCEJO DELIBERANTE, A TOMAR MEDIDAS QUE ASEGUREN LA DISPONIBILIDAD DEL TRANSPORTE PUBLICO EN LA CIUDAD"},"content":{"rendered":"<p><strong><em>&#8211;<\/em><\/strong> <strong><em>Asimismo, Se exhort\u00f3 a las Comisiones de Transporte de Diputados y Senadores Nacionales de las provincias que, exijan al Gobierno Nacional, el cumplimiento del Pacto Fiscal del a\u00f1o 2017 que incluye la distribuci\u00f3n de fondos para el transporte p\u00fablico que hoy unilateralmente se ha quitado a todo el interior del pa\u00eds, siendo que los mismos son aportados por todos los argentinos distribuidos en las 23 provincias-<\/em><\/strong><\/p>\n<p><!--more--><\/p>\n<p>El Defensor del Pueblo, Dr. Jos\u00e9 Leonardo Gialluca, a trav\u00e9s de la <strong>Resoluci\u00f3n N\u00ba 50\/24 de fecha 11 de abril del corriente a\u00f1o, Resolvi\u00f3, Instar al Intendente de la Ciudad de Formosa, Jorge Jofr\u00e9 y al Director de Transporte de la Municipalidad, Fabi\u00e1n Olivera, como as\u00ed tambi\u00e9n, al Presidente del Honorable Concejo Deliberante, Rub\u00e9n Dar\u00edo Di Martino, a que con la urgencia necesaria, arbitren todos los medios para garantizar la movilidad urbana a los vecinos de la ciudad, mediante la disponibilidad de un transporte p\u00fablico urbano de pasajeros, que incluya todo el radio urbano y que sea brindado de manera eficiente, con una tarifa razonable. <\/strong>Asimismo, <strong>recomend\u00f3 al Concejo Deliberante, procedan al perentorio dictado de las normativas que se precisan para la obtenci\u00f3n de lo antes citado, considerando que el transporte p\u00fablico, <em>\u201crepresenta una de las mayores necesidades de la organizaci\u00f3n socio econ\u00f3mica y cultural de las ciudades con importantes densidades de poblaci\u00f3n, adem\u00e1s de ser uno de los motores del desarrollo de las mismas\u201d<\/em>, ya que comunica y moviliza a sus vecinos, empleados con sus puestos de trabajo, docentes y estudiantes con los establecimientos educativos, personas necesitadas de asistencias sanitarias con los nosocomios, consumidores con los centros de ventas y negocios de nuestro medio y dem\u00e1s actividades que dinamicen socio cultural y econ\u00f3micamente a la ciudad de formosa. <\/strong>Desde el Organismo de la Constituci\u00f3n, <strong>\u201cse fustig\u00f3 duramente a aquellos Concejales que lo \u00fanico que han hecho hasta el d\u00eda de hoy, es limitarse a concretar denuncias p\u00fablicas y aparecer mostr\u00e1ndose ante la sociedad -como preocupados-, por un tema que involucra responsabilidades de diferentes estamentos gubernamentales, donde la eliminaci\u00f3n del Fondo Compensador al Transporte P\u00fablico por parte del Gobierno Nacional, -priv\u00f3 arbitrariamente a los municipios del interior y no as\u00ed a los del AMBA de los recursos destinados a solventar este servicio esencial-\u201d. <\/strong>Gialluca afirm\u00f3, como importante, el compromiso del <strong>Auditor Municipal, Fabi\u00e1n C\u00e1ceres<\/strong>, de mostrar voluntad para explicar en la Comisi\u00f3n de Transporte lo que sea necesario; <strong>descartando que este tema se limite, \u201ca internas pol\u00edticas entre el Intendente Jorge Jofr\u00e9 y el Gobierno Provincial\u201d, toda vez que, la Secretaria de Transporte de la Naci\u00f3n contin\u00faa subsidiando al AMBA, a lo que se le suma la decisi\u00f3n de no impulsar nuevos aumentos en los boletos para cuidar que siga en baja la inflaci\u00f3n medida por el INDEC, lo que implica una abierta discriminaci\u00f3n a los usuarios de las principales ciudades del pa\u00eds que pagan tarifas 4 veces superiores o directamente tienen un transporte p\u00fablico reducido o inexistente. <\/strong>Por \u00faltimo, el Funcionario Provincial, se\u00f1al\u00f3 que la Empresa Crucero del Sur <strong>\u201cdebe hacerse cargo de todas las deudas que en conceptos de salarios les adeuda a los choferes y empleados de la misma, ya que todos conocemos que esta firma, -es solo una parte peque\u00f1a de una sociedad mucho m\u00e1s grande y solvente, donde, Julio Koropeski, tiene que responder judicialmente con todo su patrimonio\u201d.<\/strong><\/p>\n","protected":false},"excerpt":{"rendered":"<p>&#8211; Asimismo, Se exhort\u00f3 a las Comisiones de Transporte de Diputados y Senadores Nacionales de las provincias que, exijan al Gobierno Nacional, el cumplimiento del Pacto Fiscal del a\u00f1o 2017 que incluye la distribuci\u00f3n de fondos para el transporte p\u00fablico que hoy unilateralmente se ha quitado a todo el interior del pa\u00eds, siendo que los [&hellip;]<\/p>\n","protected":false},"author":2,"featured_media":15155,"comment_status":"closed","ping_status":"closed","sticky":false,"template":"","format":"standard","meta":{"footnotes":""},"categories":[1],"tags":[],"class_list":["post-15154","post","type-post","status-publish","format-standard","has-post-thumbnail","hentry","category-noticias"],"_links":{"self":[{"href":"https:\/\/defensoriaformosa.gob.ar\/index.php?rest_route=\/wp\/v2\/posts\/15154","targetHints":{"allow":["GET"]}}],"collection":[{"href":"https:\/\/defensoriaformosa.gob.ar\/index.php?rest_route=\/wp\/v2\/posts"}],"about":[{"href":"https:\/\/defensoriaformosa.gob.ar\/index.php?rest_route=\/wp\/v2\/types\/post"}],"author":[{"embeddable":true,"href":"https:\/\/defensoriaformosa.gob.ar\/index.php?rest_route=\/wp\/v2\/users\/2"}],"replies":[{"embeddable":true,"href":"https:\/\/defensoriaformosa.gob.ar\/index.php?rest_route=%2Fwp%2Fv2%2Fcomments&post=15154"}],"version-history":[{"count":1,"href":"https:\/\/defensoriaformosa.gob.ar\/index.php?rest_route=\/wp\/v2\/posts\/15154\/revisions"}],"predecessor-version":[{"id":15156,"href":"https:\/\/defensoriaformosa.gob.ar\/index.php?rest_route=\/wp\/v2\/posts\/15154\/revisions\/15156"}],"wp:featuredmedia":[{"embeddable":true,"href":"https:\/\/defensoriaformosa.gob.ar\/index.php?rest_route=\/wp\/v2\/media\/15155"}],"wp:attachment":[{"href":"https:\/\/defensoriaformosa.gob.ar\/index.php?rest_route=%2Fwp%2Fv2%2Fmedia&parent=15154"}],"wp:term":[{"taxonomy":"category","embeddable":true,"href":"https:\/\/defensoriaformosa.gob.ar\/index.php?rest_route=%2Fwp%2Fv2%2Fcategories&post=15154"},{"taxonomy":"post_tag","embeddable":true,"href":"https:\/\/defensoriaformosa.gob.ar\/index.php?rest_route=%2Fwp%2Fv2%2Ftags&post=15154"}],"curies":[{"name":"wp","href":"https:\/\/api.w.org\/{rel}","templated":true}]}}