{"id":15150,"date":"2024-04-10T21:47:40","date_gmt":"2024-04-11T00:47:40","guid":{"rendered":"https:\/\/defensoriaformosa.gob.ar\/?p=15150"},"modified":"2024-04-10T21:47:40","modified_gmt":"2024-04-11T00:47:40","slug":"en-reunion-informativa-de-la-comision-de-prevision-y-seguridad-social-de-la-camara-de-diputados-se-denuncio-que-los-jubilados-estan-siendo-tomados-como-variables-de-ajuste","status":"publish","type":"post","link":"https:\/\/defensoriaformosa.gob.ar\/?p=15150","title":{"rendered":"EN REUNION INFORMATIVA DE LA COMISION DE PREVISION Y SEGURIDAD SOCIAL DE LA CAMARA DE DIPUTADOS SE DENUNCIO QUE LOS JUBILADOS ESTAN SIENDO TOMADOS COMO VARIABLES DE AJUSTE"},"content":{"rendered":"<p><strong>-Gialluca denunci\u00f3 que, antes una jubilaci\u00f3n m\u00ednima, alcanzaba casi para 3 Canastas Alimentarias, pero hoy no llega a cubrir los alimentos de 2 personas, de manera que las jubilaciones m\u00ednimas, registraron en marzo su nivel m\u00e1s bajo en los \u00faltimos 30 a\u00f1os, atadas al r\u00e9gimen de movilidad jubilatoria cayeron a valores de miseria y su poder de compra es un 60% menor al a\u00f1o 2015 y un 28% menos a los m\u00ednimos hist\u00f3ricos de la d\u00e9cada de 1990-<\/strong><\/p>\n<p><!--more--><\/p>\n<p>La Defensor\u00eda del Pueblo, particip\u00f3 virtualmente de la -Reuni\u00f3n Informativa- que se llev\u00f3 a cabo en la Comisi\u00f3n de Previsi\u00f3n y Seguridad Social de la C\u00e1mara de Diputados de la Naci\u00f3n que preside la Diputada por C\u00f3rdoba Gabriela Brouwer de Koning, \u201cy donde los diputados y funcionarios intervinientes dejaron expresada su postura centrada en: -la necesidad urgente de contar con una nueva f\u00f3rmula de movilidad jubilatoria, que al menos compense la inflaci\u00f3n de enero del 20,6%, en tanto, los representantes oficialistas contin\u00faan insistiendo con la viabilidad del DNU 274\/24\u201d. La Presidenta de la Comisi\u00f3n, Gabriela Brouwer, expres\u00f3 que el Gobierno Nacional est\u00e1 tomando como una variable de ajuste a las jubilaciones y que la mayor\u00eda de los bloques coinciden en que es necesario mejorar\u00a0 sustancialmente los haberes jubilatorios.<\/p>\n<p>Asimismo, entendi\u00f3 que si bien el D.N.U otorgo una \u2018\u2018soluci\u00f3n parcial\u2019\u2019 a esta tem\u00e1tica, no es acorde al deterioro de los haberes, motivo por el cual actualmente se discuten tres puntos b\u00e1sicos: 1) En primer lugar, si bien es cierto que el gobierno nacional ha otorgado un incremento extraordinario del 12,5% con el fin de recomponer el haber, \u2018\u2018solo en Enero hubo un 20,6% de inflaci\u00f3n\u2019\u2019, raz\u00f3n por la que es necesario, mejorar ese porcentaje. 2) Por otro lado, se discuten los Bonos atento a que se trata de una \u201cpol\u00edtica discrecional para aumentar de manera significativa<br \/>\nlos haberes\u201d, plante\u00e1ndose la pregunta de \u00bfQu\u00e9 pasar\u00eda si dejan de pagarse los mismos? \u2018\u2018Lo que demuestra que es necesario garantizar un haber m\u00ednimo en base a un \u00edndice determinado\u2019\u2019. 3) Por \u00faltimo, se plante\u00f3 la posibilidad de incluir una \u2018\u2018clausula gatillo\u2019\u2019 junto con un \u00edndice al consumidor, con el fin de que los jubilados y pensionados no pierdan poder adquisitivo ante la inflaci\u00f3n. Seguidamente, sostuvo que, si se quiere lograr un equilibrio fiscal, este deber\u00eda ser costeado por quienes tienen mayor capacidad contributiva y los jubilados y pensionados no forman parte de ese sector.<\/p>\n<p>El Defensor del Pueblo, Dr. Jos\u00e9 Leonardo Gialluca, entendi\u00f3 como necesario que en el Congreso se aborde la tem\u00e1tica, a lo cual, Gabriela Brouwer, respondi\u00f3, que coincide en el punto, informando que todos los dict\u00e1menes deben ser tratados por la Comisi\u00f3n del Presupuesto, pero que hasta el momento Jos\u00e9 Luis Espert no quiso iniciar un Plenario para tratar la presente cuesti\u00f3n. La Defensora del Pueblo de Rio Negro, Adriana Santagati, manifest\u00f3 su preocupaci\u00f3n ante la existencia de dos realidades distintas, una referida a los jubilados y pensionados y otra a<br \/>\nlos tiempos que maneja el Congreso. Denunciando que un alto numero de jubilados cobran $200.000 cuando la canasta b\u00e1sica hoy esta valuada en $680.000 y se han aprobado aumentos de hasta el 1.400% para el gas y 500% para la energ\u00eda el\u00e9ctrica, por lo que es importante que dicha realidad sea conocida. En este marco, solicitaron tambi\u00e9n, la ampliaci\u00f3n y aumento de los montos de las prestaciones alimentarias, aclar\u00e1ndose que la AUH \u201cno es un plan ni programa asistencial, es un Derecho Humano a la seguridad social que se desprende del art. 26 de la Convenci\u00f3n de los Derechos del Ni\u00f1o\u201d. Se denunci\u00f3 que, en el pa\u00eds hoy hay 12.200.000 ni\u00f1as\/os y adolescentes,<br \/>\nde los cuales aproximadamente, 12.053.000; alrededor de 4.000.000 cobran la AUH y 5.500.020 cobran las asignaciones familiares que los trabajadores llamamos salario familiar. El 58,5% de las ni\u00f1as, ni\u00f1os y adolescentes vive en hogares cuyos ingresos no llegan a cubrir la Canasta B\u00e1sica Total (CBT) y el 18,9% vive en hogares en los que los ingresos no cubren la Canasta B\u00e1sica Alimentaria (CBA). Respecto al -Programa Progresar-, tambi\u00e9n se solicit\u00f3 su actualizaci\u00f3n, como adem\u00e1s el de otros programas como el de Acompa\u00f1amiento de Egreso de J\u00f3venes sin Cuidados Parentales (PAE), Ley Brisa y la Ley N\u00ba 27.611 de Atenci\u00f3n y Cuidado Integral de la Salud durante<br \/>\nel Embarazo y la Primera Infancia conocida como Ley 1.000 d\u00edas.<\/p>\n<p>&nbsp;<\/p>\n","protected":false},"excerpt":{"rendered":"<p>-Gialluca denunci\u00f3 que, antes una jubilaci\u00f3n m\u00ednima, alcanzaba casi para 3 Canastas Alimentarias, pero hoy no llega a cubrir los alimentos de 2 personas, de manera que las jubilaciones m\u00ednimas, registraron en marzo su nivel m\u00e1s bajo en los \u00faltimos 30 a\u00f1os, atadas al r\u00e9gimen de movilidad jubilatoria cayeron a valores de miseria y su [&hellip;]<\/p>\n","protected":false},"author":1,"featured_media":15151,"comment_status":"closed","ping_status":"closed","sticky":false,"template":"","format":"standard","meta":{"footnotes":""},"categories":[22,1,21],"tags":[],"class_list":["post-15150","post","type-post","status-publish","format-standard","has-post-thumbnail","hentry","category-adultos","category-noticias","category-seg-social"],"_links":{"self":[{"href":"https:\/\/defensoriaformosa.gob.ar\/index.php?rest_route=\/wp\/v2\/posts\/15150","targetHints":{"allow":["GET"]}}],"collection":[{"href":"https:\/\/defensoriaformosa.gob.ar\/index.php?rest_route=\/wp\/v2\/posts"}],"about":[{"href":"https:\/\/defensoriaformosa.gob.ar\/index.php?rest_route=\/wp\/v2\/types\/post"}],"author":[{"embeddable":true,"href":"https:\/\/defensoriaformosa.gob.ar\/index.php?rest_route=\/wp\/v2\/users\/1"}],"replies":[{"embeddable":true,"href":"https:\/\/defensoriaformosa.gob.ar\/index.php?rest_route=%2Fwp%2Fv2%2Fcomments&post=15150"}],"version-history":[{"count":1,"href":"https:\/\/defensoriaformosa.gob.ar\/index.php?rest_route=\/wp\/v2\/posts\/15150\/revisions"}],"predecessor-version":[{"id":15152,"href":"https:\/\/defensoriaformosa.gob.ar\/index.php?rest_route=\/wp\/v2\/posts\/15150\/revisions\/15152"}],"wp:featuredmedia":[{"embeddable":true,"href":"https:\/\/defensoriaformosa.gob.ar\/index.php?rest_route=\/wp\/v2\/media\/15151"}],"wp:attachment":[{"href":"https:\/\/defensoriaformosa.gob.ar\/index.php?rest_route=%2Fwp%2Fv2%2Fmedia&parent=15150"}],"wp:term":[{"taxonomy":"category","embeddable":true,"href":"https:\/\/defensoriaformosa.gob.ar\/index.php?rest_route=%2Fwp%2Fv2%2Fcategories&post=15150"},{"taxonomy":"post_tag","embeddable":true,"href":"https:\/\/defensoriaformosa.gob.ar\/index.php?rest_route=%2Fwp%2Fv2%2Ftags&post=15150"}],"curies":[{"name":"wp","href":"https:\/\/api.w.org\/{rel}","templated":true}]}}