{"id":14807,"date":"2023-10-24T18:16:58","date_gmt":"2023-10-24T21:16:58","guid":{"rendered":"https:\/\/defensoriaformosa.gob.ar\/?p=14807"},"modified":"2023-10-24T18:16:58","modified_gmt":"2023-10-24T21:16:58","slug":"el-odepoe-rechazo-por-inoportuno-el-llamado-a-votar-en-blanco-en-el-balotaje-por-parte-del-obispo-conejero","status":"publish","type":"post","link":"https:\/\/defensoriaformosa.gob.ar\/?p=14807","title":{"rendered":"EL ODEPOE RECHAZ\u00d3 POR INOPORTUNO EL LLAMADO A VOTAR EN BLANCO EN EL BALOTAJE POR PARTE DEL OBISPO CONEJERO"},"content":{"rendered":"<p><strong><em>-Resaltaron la decidida participaci\u00f3n c\u00edvica en las elecciones del domingo 22 de octubre en las cuales en nuestra provincia sufragaron de 482.602 electores habilitados el 76,2% contra un 67,1% en las PASO. En Chaco concurrieron 724.566 ciudadanos lo que represent\u00f3 un 73%, en tanto que en Corrientes lo hizo un 77,7% y en Misiones un 76,3% del electorado, \u201cesper\u00e1ndose que en el balotaje se mantengan o superen estos porcentajes\u201d.-<\/em><\/strong><\/p>\n<p><!--more--><\/p>\n<p>Desde el ODEPOE \u2013Observatorio de Derechos Electorales y Pol\u00edticos- que funciona en el seno de la Defensor\u00eda del Pueblo de la Provincia de Formosa, <strong>\u201c<em>rechazaron por impertinentes las opiniones del Obispo Jos\u00e9 Vicente Conejero Gallego, quien propuso que en el balotaje presidencial entre Sergio Massa y Javier Milei, los ciudadanos vayan a votar en blanco\u201d.<\/em><\/strong> El Ombudsman Provincial Dr. Jos\u00e9 Leonardo Gialluca, <strong>record\u00f3 que en nuestro pa\u00eds los ciudadanos participamos de procesos \u2013c\u00edvicos-, como lo son los diversos actos electorales.<\/strong> Es por esto que resultan innecesarias y nunca son convenientes, las intervenciones o interferencias, <strong>ya sean de la Iglesia o de los Sectores de las Fuerzas de Seguridad como los militares.<\/strong> Somos los \u201c<strong>Ciudadanos\u201d<\/strong>, los que creamos el Estado y lo hacemos mediante un pacto de convivencia que se llama \u201c<strong>Constituci\u00f3n\u201d<\/strong>. <strong>La existencia de los ciudadanos es previa a la existencia del Estado y son ellos los que a trav\u00e9s del voto los que eligen a los gobiernos, quienes deben actuar implementando y gestionando las pol\u00edticas p\u00fablicas necesarias y eficaces para el bienestar de la gente, impidiendo abusos que afecten al bien com\u00fan, para promover el progreso econ\u00f3mico y social de toda la sociedad, con la debida participaci\u00f3n de los sectores privados, en un marco de sana competencia. <\/strong>El funcionario provincial record\u00f3 que las fuerzas armadas argentinas, cuando se adue\u00f1aron del poder pol\u00edtico el 24 de marzo de 1976, establecieron un verdadero <strong>-Estado Terrorista-<\/strong>, para imponer su proyecto pol\u00edtico y socioecon\u00f3mico, <strong>acompa\u00f1ado por sectores econ\u00f3micos que contin\u00faan empobreciendo a los consumidores<\/strong>. Esto no significa que la totalidad de los miembros de la Iglesia adoptaron similares conductas. S\u00f3lo tres obispos tuvieron una actitud p\u00fablica de protesta, <strong>Enrique Angelelli<\/strong>\u00a0de la Rioja, asesinado por las fuerzas armadas, simulando un accidente de tr\u00e1nsito; <strong>Jaime de Nevares<\/strong>, de Neuqu\u00e9n, que se incorpor\u00f3 como presidente honorario de la Asamblea Permanente por los Derechos Humanos; y <strong>Miguel Hesayne<\/strong>, de Viedma. <strong>Monse\u00f1or Jorge Novak<\/strong>, de <strong>Quilmes<\/strong>, integrante del Movimiento Ecum\u00e9nico por los Derechos Humanos, adopt\u00f3 la misma posici\u00f3n. La mayor\u00eda del numeroso episcopado argentino, se ajust\u00f3 a las explicaciones de los militares, justificando su acci\u00f3n y poniendo <em>en duda los relatos de las v\u00edctimas.\u00a0<\/em><\/p>\n","protected":false},"excerpt":{"rendered":"<p>-Resaltaron la decidida participaci\u00f3n c\u00edvica en las elecciones del domingo 22 de octubre en las cuales en nuestra provincia sufragaron de 482.602 electores habilitados el 76,2% contra un 67,1% en las PASO. En Chaco concurrieron 724.566 ciudadanos lo que represent\u00f3 un 73%, en tanto que en Corrientes lo hizo un 77,7% y en Misiones un [&hellip;]<\/p>\n","protected":false},"author":2,"featured_media":14808,"comment_status":"closed","ping_status":"closed","sticky":false,"template":"","format":"standard","meta":{"footnotes":""},"categories":[1],"tags":[],"class_list":["post-14807","post","type-post","status-publish","format-standard","has-post-thumbnail","hentry","category-noticias"],"_links":{"self":[{"href":"https:\/\/defensoriaformosa.gob.ar\/index.php?rest_route=\/wp\/v2\/posts\/14807","targetHints":{"allow":["GET"]}}],"collection":[{"href":"https:\/\/defensoriaformosa.gob.ar\/index.php?rest_route=\/wp\/v2\/posts"}],"about":[{"href":"https:\/\/defensoriaformosa.gob.ar\/index.php?rest_route=\/wp\/v2\/types\/post"}],"author":[{"embeddable":true,"href":"https:\/\/defensoriaformosa.gob.ar\/index.php?rest_route=\/wp\/v2\/users\/2"}],"replies":[{"embeddable":true,"href":"https:\/\/defensoriaformosa.gob.ar\/index.php?rest_route=%2Fwp%2Fv2%2Fcomments&post=14807"}],"version-history":[{"count":1,"href":"https:\/\/defensoriaformosa.gob.ar\/index.php?rest_route=\/wp\/v2\/posts\/14807\/revisions"}],"predecessor-version":[{"id":14809,"href":"https:\/\/defensoriaformosa.gob.ar\/index.php?rest_route=\/wp\/v2\/posts\/14807\/revisions\/14809"}],"wp:featuredmedia":[{"embeddable":true,"href":"https:\/\/defensoriaformosa.gob.ar\/index.php?rest_route=\/wp\/v2\/media\/14808"}],"wp:attachment":[{"href":"https:\/\/defensoriaformosa.gob.ar\/index.php?rest_route=%2Fwp%2Fv2%2Fmedia&parent=14807"}],"wp:term":[{"taxonomy":"category","embeddable":true,"href":"https:\/\/defensoriaformosa.gob.ar\/index.php?rest_route=%2Fwp%2Fv2%2Fcategories&post=14807"},{"taxonomy":"post_tag","embeddable":true,"href":"https:\/\/defensoriaformosa.gob.ar\/index.php?rest_route=%2Fwp%2Fv2%2Ftags&post=14807"}],"curies":[{"name":"wp","href":"https:\/\/api.w.org\/{rel}","templated":true}]}}