{"id":14800,"date":"2023-10-20T18:41:12","date_gmt":"2023-10-20T21:41:12","guid":{"rendered":"https:\/\/defensoriaformosa.gob.ar\/?p=14800"},"modified":"2023-10-20T18:41:12","modified_gmt":"2023-10-20T21:41:12","slug":"senalo-el-odepoe-que-el-voto-en-blanco-para-los-comicios-de-este-domingo-22-se-contabilizara-de-manera-diferente-a-las-paso","status":"publish","type":"post","link":"https:\/\/defensoriaformosa.gob.ar\/?p=14800","title":{"rendered":"SE\u00d1ALO EL ODEPOE QUE EL VOTO EN BLANCO PARA LOS COMICIOS DE ESTE DOMINGO 22 SE CONTABILIZARA DE MANERA DIFERENTE A LAS PASO"},"content":{"rendered":"<p><strong><em>-En esta oportunidad, el voto en blanco se considerar\u00e1 de manera distinta que en las PASO, pues los sufragios se deben contar sobre los que son afirmativos, es decir, los que eligen a una boleta de candidatos. Al descartarse del conteo los votos en blanco, existen m\u00e1s posibilidades para que un partido pol\u00edtico llegue al 40% o 45% necesario para ganar en primera vuelta, <\/em><\/strong><strong><em>ya que no se computan para ning\u00fan candidato-<\/em><\/strong><\/p>\n<p><!--more--><\/p>\n<p>Los integrantes que conforman el Observatorio de Derechos Pol\u00edticos y Electorales &#8211;<strong>ODEPOE<\/strong>&#8211; que funciona en el seno de la Defensor\u00eda del Pueblo de la Provincia de Formosa, <strong>fueron habilitados como &#8211;<\/strong><strong>Acompa\u00f1antes C\u00edvicos- por la Comisi\u00f3n Nacional Electoral<\/strong> <strong>cuya presidencia ejerce el Dr. Alberto Ricardo Dalla Via, de conformidad a los t\u00e9rminos de la Acordada 128\/11 de la Justicia Nacional Electoral. <\/strong>Al mismo tiempo, fueron autorizados tambi\u00e9n para fiscalizar el desarrollo del acto eleccionario a llevarse a cabo el domingo 22 del corriente mes y a\u00f1o, por <strong>el Juzgado Federal con Competencia Electoral<\/strong> <strong>de Formosa<\/strong>. En este contexto, el Defensor del Pueblo de la Provincia, Dr. Jos\u00e9 Leonardo Gialluca, <strong>advirti\u00f3 que, para estas elecciones, si bien los ciudadanos poseen la alternativa de abstenerse de elegir entre las cinco f\u00f3rmulas que se ponen a consideraci\u00f3n, <em>\u201clos votos en blanco en este sufragio se contabilizar\u00e1n de manera diferente a las PASO\u201d. <\/em><\/strong>Indic\u00f3 que el &#8211;<strong>voto en blanco<\/strong>-, es una herramienta m\u00e1s con la que cuentan los electores para manifestar su disconformidad con todos los candidatos y con las propuestas formuladas por los partidos pol\u00edticos. En tanto, el &#8211;<strong>voto nulo<\/strong>-, es una forma de sufragio que podr\u00eda confundirse con el voto en blanco, pero se considera tal a aquel que se emite mediante boletas no oficializadas, contiene objetos extra\u00f1os y\/o defectos formales suficientes como para anular la opci\u00f3n electoral. <strong>En la pr\u00e1ctica, <u>se podr\u00edan dar tres formas distintas de votar en blanco:<\/u><\/strong> <strong>* Que el sobre se encuentre vac\u00edo. * Que el sobre contenga un papel (de cualquier color), sin im\u00e1genes, textos ni objetos extra\u00f1os. * Que el sobre tenga una boleta oficializada, pero que le falte el cuerpo correspondiente a una categor\u00eda; en este caso, se considerar\u00e1 \u00abvoto en blanco\u00bb solo para dicha categor\u00eda. Record\u00f3 que, conforme al art. 97 de la Constituci\u00f3n Nacional<\/strong>, cuando la f\u00f3rmula presidencial que resultase m\u00e1s votada en la primera vuelta, hubiere obtenido m\u00e1s del 45% de los votos afirmativos v\u00e1lidamente emitidos, sus integrantes ser\u00e1n el presidente y vicepresidente de Argentina, <strong>es por ello que, en esta ocasi\u00f3n, el voto en blanco se contar\u00e1 de manera distinta que en las PASO, porque los sufragios se deben contar sobre los que son afirmativos, es decir, los que eligen a una boleta de candidatos.<\/strong> Teniendo en cuenta esto, al descartarse del conteo los votos en blanco en las elecciones generales, es m\u00e1s accesible para un partido pol\u00edtico llegar al 40% o 45% necesario para ganar en primera vuelta, <strong>ya que no se computan para ning\u00fan candidato. <\/strong>En tanto, el art. 98, se\u00f1ala que cuando la f\u00f3rmula que resultase m\u00e1s votada en la primera vuelta hubiere obtenido el 40% por lo menos de los votos afirmativos v\u00e1lidamente emitidos <strong>y, adem\u00e1s<\/strong>, existiere una diferencia mayor de <strong>10 puntos porcentuales respecto del total de los votos afirmativos v\u00e1lidamente emitidos sobre la f\u00f3rmula que le sigue en n\u00famero de votos, sus integrantes ser\u00e1n proclamados como presidente y vicepresidente de la Naci\u00f3n<\/strong>. Record\u00f3 que, en las PASO 2023, m\u00e1s de un mill\u00f3n de personas rechazaron toda la oferta electoral que se present\u00f3, tendencia que reuni\u00f3 aproximadamente <strong>400.000 votos m\u00e1s que en 2019<\/strong>. El 13 de agosto hubo 1.356.480 votos en blanco, que representaron el 5,51 por ciento, seg\u00fan los datos del escrutinio definitivo, y en ese momento, los mismos fueron tenidos en cuenta para determinar el porcentaje de sufragios que obtuvo cada uno de los que compet\u00edan en ese momento.<\/p>\n","protected":false},"excerpt":{"rendered":"<p>-En esta oportunidad, el voto en blanco se considerar\u00e1 de manera distinta que en las PASO, pues los sufragios se deben contar sobre los que son afirmativos, es decir, los que eligen a una boleta de candidatos. Al descartarse del conteo los votos en blanco, existen m\u00e1s posibilidades para que un partido pol\u00edtico llegue al [&hellip;]<\/p>\n","protected":false},"author":2,"featured_media":14801,"comment_status":"closed","ping_status":"closed","sticky":false,"template":"","format":"standard","meta":{"footnotes":""},"categories":[1],"tags":[],"class_list":["post-14800","post","type-post","status-publish","format-standard","has-post-thumbnail","hentry","category-noticias"],"_links":{"self":[{"href":"https:\/\/defensoriaformosa.gob.ar\/index.php?rest_route=\/wp\/v2\/posts\/14800","targetHints":{"allow":["GET"]}}],"collection":[{"href":"https:\/\/defensoriaformosa.gob.ar\/index.php?rest_route=\/wp\/v2\/posts"}],"about":[{"href":"https:\/\/defensoriaformosa.gob.ar\/index.php?rest_route=\/wp\/v2\/types\/post"}],"author":[{"embeddable":true,"href":"https:\/\/defensoriaformosa.gob.ar\/index.php?rest_route=\/wp\/v2\/users\/2"}],"replies":[{"embeddable":true,"href":"https:\/\/defensoriaformosa.gob.ar\/index.php?rest_route=%2Fwp%2Fv2%2Fcomments&post=14800"}],"version-history":[{"count":1,"href":"https:\/\/defensoriaformosa.gob.ar\/index.php?rest_route=\/wp\/v2\/posts\/14800\/revisions"}],"predecessor-version":[{"id":14802,"href":"https:\/\/defensoriaformosa.gob.ar\/index.php?rest_route=\/wp\/v2\/posts\/14800\/revisions\/14802"}],"wp:featuredmedia":[{"embeddable":true,"href":"https:\/\/defensoriaformosa.gob.ar\/index.php?rest_route=\/wp\/v2\/media\/14801"}],"wp:attachment":[{"href":"https:\/\/defensoriaformosa.gob.ar\/index.php?rest_route=%2Fwp%2Fv2%2Fmedia&parent=14800"}],"wp:term":[{"taxonomy":"category","embeddable":true,"href":"https:\/\/defensoriaformosa.gob.ar\/index.php?rest_route=%2Fwp%2Fv2%2Fcategories&post=14800"},{"taxonomy":"post_tag","embeddable":true,"href":"https:\/\/defensoriaformosa.gob.ar\/index.php?rest_route=%2Fwp%2Fv2%2Ftags&post=14800"}],"curies":[{"name":"wp","href":"https:\/\/api.w.org\/{rel}","templated":true}]}}