{"id":14797,"date":"2023-10-19T18:36:21","date_gmt":"2023-10-19T21:36:21","guid":{"rendered":"https:\/\/defensoriaformosa.gob.ar\/?p=14797"},"modified":"2023-10-20T18:38:31","modified_gmt":"2023-10-20T21:38:31","slug":"senalaron-que-todas-las-rutas-nacionales-y-provinciales-de-formosa-se-encuentran-sin-interrupciones-para-vehiculos-y-transportes","status":"publish","type":"post","link":"https:\/\/defensoriaformosa.gob.ar\/?p=14797","title":{"rendered":"SE\u00d1ALARON QUE TODAS LAS RUTAS NACIONALES Y PROVINCIALES DE FORMOSA SE ENCUENTRAN SIN INTERRUPCIONES PARA VEHICULOS Y TRANSPORTES"},"content":{"rendered":"<p><strong><em>-El derecho a manifestarse si bien est\u00e1 reconocido constitucionalmente, el mismo no implica cortar rutas, impedir la circulaci\u00f3n o promover peticiones que se encuentran fuera de las obligaciones de los Estados Nacionales, Provinciales y Municipales. &#8211;<\/em><\/strong><\/p>\n<p>&nbsp;<\/p>\n<p>Desde la Defensor\u00eda del Pueblo de la Provincia de Formosa, se inform\u00f3 que, <strong>a las 00:00 horas del d\u00eda jueves 19 del corriente mes y a\u00f1o, se levant\u00f3 el corte de la Ruta Nacional N\u00ba 86 a la altura de Colonia Loro Cu\u00e9, Jurisdicci\u00f3n de la Localidad de El Espinillo, como as\u00ed tambi\u00e9n el corte que se llevaba a cabo a la altura del Acceso al Parque Nacional R\u00edo Pilcomayo, por integrantes de la Comunidad de la Colonia La Primavera, <u>quedando de esta manera totalmente liberada al tr\u00e1nsito esta traza nacional, no quedando de esta manera ninguna interrupci\u00f3n para los veh\u00edculos y transportes en todo el territorio provincial.<\/u><\/strong> El Ombudsman Provincial, Dr. Jos\u00e9 Leonardo Gialluca, se\u00f1al\u00f3 que, el trabajo y las gestiones encaradas por el Administrador General del Instituto de Pensiones Sociales (IPS), <strong>Hugo Arr\u00faa<\/strong>, junto a otras \u00e1reas del Gobierno Provincial, como el Instituto de Comunidades Abor\u00edgenes (ICA), a cargo de su Presidente <strong>Esteban Ram\u00edrez<\/strong>, permitieron que los manifestantes desistan de sus conductas ilegitimas que ven\u00edan perjudicando a ni\u00f1as\/os, adolescentes, docentes, al no poder concurrir a los diferentes establecimientos educativos de la zona, a lo que se le sum\u00f3 la afectaci\u00f3n a ciudadanos que debieron reprogramar turnos m\u00e9dicos y otras atenciones que ya ten\u00edan previstas, entre los principales colectivos damnificados durante los cortes de ruta. A\u00f1adi\u00f3 el Funcionario que, desde el Estado Provincial con nuestra Ley Integral del Aborigen N\u00ba 426 constituye un precedente en la Argentina y representa un ejemplo en la ocupaci\u00f3n de tierras, el acceso a la educaci\u00f3n, a la salud y el respeto a las lenguas nativas de las etnias que conviven en nuestro territorio. <strong>Por \u00faltimo, Gialluca advirti\u00f3 que, todas estas situaciones se desarrollan durante el presente proceso electoral y donde Institucionalmente debemos continuar trabajando para evitar que se deroguen y eliminen derechos ya obtenidos como los reconocidos en la Ley nacional 26.160 de Relevamiento Territorial de Comunidades Ind\u00edgenas<\/strong>. Record\u00f3 que, existen dos proyectos de ley que actualmente cuentan con estado parlamentario para dejar sin efecto estas normativas y que fueran impulsados por la candidata a vicepresidenta en la f\u00f3rmula que encabeza Javier Milei por la Libertad Avanza, Victoria Villarruel. Agreg\u00f3 que, sabemos que esto no es casual, conocemos que son sectores pol\u00edticos que defienden intereses y patrimonios de capitales concentrados que buscan el lucro individual, en desmedro de los territorios ind\u00edgenas y pretenden instalar otros modelos de producci\u00f3n, <strong>donde los originarios no est\u00e1n incluidos y por esto no nos imaginamos a ning\u00fan empresario y menos a los privados, <em>\u201cinvertir o construir plantas potabilizadoras de agua potable, redes de distribuci\u00f3n de energ\u00eda el\u00e9ctrica, conociendo de antemano que no obtendr\u00e1n ninguna ganancia\u201d. <\/em><\/strong>No obstante, lo cual, ratific\u00f3 que no existen derechos absolutos y que todos tenemos obligaciones, por lo que, ante violaciones como las producidas, <strong>debe ser la Justicia Competente quien garantice a la sociedad poder gozar de los mismos en todo momento.<\/strong><\/p>\n","protected":false},"excerpt":{"rendered":"<p>-El derecho a manifestarse si bien est\u00e1 reconocido constitucionalmente, el mismo no implica cortar rutas, impedir la circulaci\u00f3n o promover peticiones que se encuentran fuera de las obligaciones de los Estados Nacionales, Provinciales y Municipales. &#8211; &nbsp; Desde la Defensor\u00eda del Pueblo de la Provincia de Formosa, se inform\u00f3 que, a las 00:00 horas del [&hellip;]<\/p>\n","protected":false},"author":2,"featured_media":14798,"comment_status":"closed","ping_status":"closed","sticky":false,"template":"","format":"standard","meta":{"footnotes":""},"categories":[1],"tags":[],"class_list":["post-14797","post","type-post","status-publish","format-standard","has-post-thumbnail","hentry","category-noticias"],"_links":{"self":[{"href":"https:\/\/defensoriaformosa.gob.ar\/index.php?rest_route=\/wp\/v2\/posts\/14797","targetHints":{"allow":["GET"]}}],"collection":[{"href":"https:\/\/defensoriaformosa.gob.ar\/index.php?rest_route=\/wp\/v2\/posts"}],"about":[{"href":"https:\/\/defensoriaformosa.gob.ar\/index.php?rest_route=\/wp\/v2\/types\/post"}],"author":[{"embeddable":true,"href":"https:\/\/defensoriaformosa.gob.ar\/index.php?rest_route=\/wp\/v2\/users\/2"}],"replies":[{"embeddable":true,"href":"https:\/\/defensoriaformosa.gob.ar\/index.php?rest_route=%2Fwp%2Fv2%2Fcomments&post=14797"}],"version-history":[{"count":1,"href":"https:\/\/defensoriaformosa.gob.ar\/index.php?rest_route=\/wp\/v2\/posts\/14797\/revisions"}],"predecessor-version":[{"id":14799,"href":"https:\/\/defensoriaformosa.gob.ar\/index.php?rest_route=\/wp\/v2\/posts\/14797\/revisions\/14799"}],"wp:featuredmedia":[{"embeddable":true,"href":"https:\/\/defensoriaformosa.gob.ar\/index.php?rest_route=\/wp\/v2\/media\/14798"}],"wp:attachment":[{"href":"https:\/\/defensoriaformosa.gob.ar\/index.php?rest_route=%2Fwp%2Fv2%2Fmedia&parent=14797"}],"wp:term":[{"taxonomy":"category","embeddable":true,"href":"https:\/\/defensoriaformosa.gob.ar\/index.php?rest_route=%2Fwp%2Fv2%2Fcategories&post=14797"},{"taxonomy":"post_tag","embeddable":true,"href":"https:\/\/defensoriaformosa.gob.ar\/index.php?rest_route=%2Fwp%2Fv2%2Ftags&post=14797"}],"curies":[{"name":"wp","href":"https:\/\/api.w.org\/{rel}","templated":true}]}}