{"id":14793,"date":"2023-10-18T17:40:35","date_gmt":"2023-10-18T20:40:35","guid":{"rendered":"https:\/\/defensoriaformosa.gob.ar\/?p=14793"},"modified":"2023-10-18T17:40:41","modified_gmt":"2023-10-18T20:40:41","slug":"se-libero-en-su-totalidad-la-ruta-nacional-no-81-y-permanecen-los-cortes-sobre-la-86","status":"publish","type":"post","link":"https:\/\/defensoriaformosa.gob.ar\/?p=14793","title":{"rendered":"SE LIBERO EN SU TOTALIDAD LA RUTA NACIONAL N\u00ba 81 Y PERMANECEN LOS CORTES SOBRE LA 86"},"content":{"rendered":"<p><strong><em>-Desde el Organismo de la Constituci\u00f3n, se afirm\u00f3 que, todas las rutas tienen que encontrarse al servicio de los usuarios durante todo el a\u00f1o y a quienes \u201cinterrumpan el tr\u00e1nsito injustificada y reiteradamente en las mismas, deben ser imputados y procesados por la Justicia Competente\u201d, sin que esto signifique criminalizar la protesta social, toda vez que estos grupos min\u00fasculos, pretenden \u201cmediante la extorsi\u00f3n, beneficios individuales que terminan perjudicando a toda la Comunidad que dicen representar\u201d-<\/em><\/strong><\/p>\n<p><!--more--><\/p>\n<p>El Defensor del Pueblo de la Provincia de Formosa, <strong>Dr. Jos\u00e9 Leonardo Gialluca<\/strong>, se\u00f1al\u00f3 que, en contacto con el Jefe de Secci\u00f3n de Gendarmer\u00eda Nacional en Fontana, dependiente del Escuadr\u00f3n 5 de Piran\u00e9, <strong>Alf\u00e9rez Mauro Exequiel Cha\u00f1e<\/strong>, <strong>refiri\u00f3<\/strong> <strong>\u201cque a las 12:30 horas luego que integrantes de la Municipalidad de Comandante Fontana se acercaran al lugar, se procedi\u00f3 a liberar la traza nacional 81\u201d. <\/strong>El antes citado, fue una de las v\u00edctimas de los tres gendarmes agredidos violentamente el d\u00eda martes por <strong>\u201cun grupo min\u00fasculo de manifestantes originarios de la Comunidad de Bartolom\u00e9 de las Casas, entre los que se encontraban Ariel Pichilo y Arcangel Flores, entre otros\u201d<\/strong>, los que fueron denunciados por el Organismo de la Constituci\u00f3n ante el Juzgado Federal N\u00ba 1 a cargo del <strong>Dr. Pablo F. Mor\u00e1n<\/strong>, <strong>\u201cpor la flagrante Comisi\u00f3n de Hechos Delictivos contra las Personas y la Propiedad, reprimidos por los Arts. 89, 90, 183, 194, 209, 210 211, 212, 237, 238 y 239 del CPA, todos en Concurso Real\u201d<\/strong>, habi\u00e9ndose atentado adem\u00e1s contra la integridad de circunstanciales pasajeros de un transporte p\u00fablico que termin\u00f3 con ventanillas destrozadas y con astillas incrustadas en el cuerpo de los mismos, producto de los \u201c<strong>hondazos con piedras<\/strong>\u201d que impactaron de lleno en los integrantes de las fuerzas de seguridad que se encontraban en el lugar. <strong>Asimismo, desde el Organismo de la Constituci\u00f3n, se inform\u00f3 que otro corte sobre la Ruta Nacional N\u00ba 81 que se llevaba a cabo en -Colonia Juan Bautista Alberdi-, distante a unos 2 km de la Localidad de Estanislao del Campo, tambi\u00e9n fue dejado sin efecto, luego de las intervenciones de diferentes Organismos del Gobierno Provincial. <\/strong>El Ombudsman, aclar\u00f3 que, tambi\u00e9n hemos requerido a la Justicia Federal que investigue a los &#8211;<strong>Autores Intelectuales<\/strong>&#8211; de estos lamentables acontecimientos, toda vez que algunos sectores pol\u00edticos, tanto a nivel nacional como provincial, <strong>\u201cse apoyan en acciones violentas construyendo una identidad a partir de las mismas y que se ofrecen como una opci\u00f3n electoral, proponiendo el exterminio de las dem\u00e1s fuerzas pol\u00edticas\u201d. <\/strong>Detener su avance y el da\u00f1o del que se ha demostrado que son capaces es la tarea que tenemos por delante como sociedad organizada, sostuvo el Funcionario Provincial y por eso <strong>\u201cafirmamos que, a 40 a\u00f1os de la democracia, quienes no defiendan los valores de la misma y a las instituciones, no se encuentran en condiciones de dar respuesta a las necesidades sociales, econ\u00f3micas, entre otras, pues no se puede naturalizar que pretendan eliminar derechos esenciales para redireccionar fondos hacia el presupuesto militar, que hoy no se encuentra dentro de las prioridades que demandan los consumidores y usuarios argentinos\u201d.<\/strong><\/p>\n","protected":false},"excerpt":{"rendered":"<p>-Desde el Organismo de la Constituci\u00f3n, se afirm\u00f3 que, todas las rutas tienen que encontrarse al servicio de los usuarios durante todo el a\u00f1o y a quienes \u201cinterrumpan el tr\u00e1nsito injustificada y reiteradamente en las mismas, deben ser imputados y procesados por la Justicia Competente\u201d, sin que esto signifique criminalizar la protesta social, toda vez [&hellip;]<\/p>\n","protected":false},"author":2,"featured_media":14794,"comment_status":"closed","ping_status":"closed","sticky":false,"template":"","format":"standard","meta":{"footnotes":""},"categories":[1],"tags":[],"class_list":["post-14793","post","type-post","status-publish","format-standard","has-post-thumbnail","hentry","category-noticias"],"_links":{"self":[{"href":"https:\/\/defensoriaformosa.gob.ar\/index.php?rest_route=\/wp\/v2\/posts\/14793","targetHints":{"allow":["GET"]}}],"collection":[{"href":"https:\/\/defensoriaformosa.gob.ar\/index.php?rest_route=\/wp\/v2\/posts"}],"about":[{"href":"https:\/\/defensoriaformosa.gob.ar\/index.php?rest_route=\/wp\/v2\/types\/post"}],"author":[{"embeddable":true,"href":"https:\/\/defensoriaformosa.gob.ar\/index.php?rest_route=\/wp\/v2\/users\/2"}],"replies":[{"embeddable":true,"href":"https:\/\/defensoriaformosa.gob.ar\/index.php?rest_route=%2Fwp%2Fv2%2Fcomments&post=14793"}],"version-history":[{"count":1,"href":"https:\/\/defensoriaformosa.gob.ar\/index.php?rest_route=\/wp\/v2\/posts\/14793\/revisions"}],"predecessor-version":[{"id":14795,"href":"https:\/\/defensoriaformosa.gob.ar\/index.php?rest_route=\/wp\/v2\/posts\/14793\/revisions\/14795"}],"wp:featuredmedia":[{"embeddable":true,"href":"https:\/\/defensoriaformosa.gob.ar\/index.php?rest_route=\/wp\/v2\/media\/14794"}],"wp:attachment":[{"href":"https:\/\/defensoriaformosa.gob.ar\/index.php?rest_route=%2Fwp%2Fv2%2Fmedia&parent=14793"}],"wp:term":[{"taxonomy":"category","embeddable":true,"href":"https:\/\/defensoriaformosa.gob.ar\/index.php?rest_route=%2Fwp%2Fv2%2Fcategories&post=14793"},{"taxonomy":"post_tag","embeddable":true,"href":"https:\/\/defensoriaformosa.gob.ar\/index.php?rest_route=%2Fwp%2Fv2%2Ftags&post=14793"}],"curies":[{"name":"wp","href":"https:\/\/api.w.org\/{rel}","templated":true}]}}