{"id":14784,"date":"2023-10-14T21:22:12","date_gmt":"2023-10-15T00:22:12","guid":{"rendered":"https:\/\/defensoriaformosa.gob.ar\/?p=14784"},"modified":"2023-10-14T21:22:12","modified_gmt":"2023-10-15T00:22:12","slug":"la-defensoria-busca-que-la-devolucion-del-iva-se-convierta-en-permanente-a-traves-de-ley","status":"publish","type":"post","link":"https:\/\/defensoriaformosa.gob.ar\/?p=14784","title":{"rendered":"LA DEFENSORIA BUSCA QUE LA DEVOLUCION DEL IVA SE CONVIERTA EN PERMANENTE A TRAVES DE LEY"},"content":{"rendered":"<p><strong>-Se extendi\u00f3 el Programa Compre Sin IVA para trabajadores informales-<\/strong><\/p>\n<p><!--more--><\/p>\n<p><strong><em>-El Ombudsman Provincial, <\/em><\/strong><strong><em>solicit\u00f3 al Senado que convierta en Ley el Programa Compre Sin IVA para que el mismo se constituya en un beneficio definitivo, de modo tal que, los sectores m\u00e1s vulnerables de nuestra sociedad, accedan a productos indispensables como l\u00e1cteos, carnes, frutas y verduras, pues se debe entender, \u201cque esta ley es razonable y justa, ya que garantiza y mejora el acceso a productos imprescindibles para los consumidores hipervulnerables de conformidad a lo establecido por la Resoluci\u00f3n 139\/20 de la Secretar\u00eda de Comercio Interior, que considera en este colectivo, a quienes se encuentren en situaciones de extrema vulnerabilidad en raz\u00f3n de su edad, g\u00e9nero, estado f\u00edsico o mental, o por circunstancias sociales, econ\u00f3micas, \u00e9tnicas y\/o culturales\u201d. Gialluca, afirm\u00f3 que esto no debe quedar como una medida simple impuesta en este dif\u00edcil contexto social y econ\u00f3mico que vivimos, sino que \u201cdebe convertirse en un instrumento de pol\u00edtica tributaria permanente a favor de los consumidores\u201d-<\/em><\/strong><\/p>\n<p>Desde la Defensor\u00eda del Pueblo de la Provincia de Formosa, se inform\u00f3 que, dos millones de beneficiarios del programa de refuerzo para las personas que trabajan en la informalidad fueron incorporados al r\u00e9gimen de reintegros &#8211;<strong>Compre sin IVA<\/strong>-, por lo cual, comenzar\u00e1n a recibir la devoluci\u00f3n del impuesto cuando realicen compras de alimentos, medicamentos, bebidas, carne, verdura, fruta, productos de higiene y productos de higiene del hogar. Esta medida, regir\u00e1 hasta el 30 de diciembre del presente a\u00f1o y dado que la C\u00e1mara de Diputados aprob\u00f3 y gir\u00f3 al Senado el programa antes citado, <strong>desde el Organismo de la Constituci\u00f3n, se solicit\u00f3 al Presidente de la Comisi\u00f3n Unicameral de Legislaci\u00f3n General a cargo del Dr. Daniel Pablo Bensus\u00e1n y a la Comisi\u00f3n Unicameral de Econom\u00edas Regionales, Econom\u00eda Social, Micro, Peque\u00f1a y Mediana Empresa a cargo de la Lic. Nora del Valle Gim\u00e9nez, <em>aprueben esta iniciativa originada desde el Ministerio de Econom\u00eda de Naci\u00f3n a cargo de Sergio Massa, de manera tal que se convierta en un beneficio definitivo para los sectores m\u00e1s vulnerables de nuestro pa\u00eds.<\/em><\/strong> El Ombudsman Provincial, Dr. Jos\u00e9 Leonardo Gialluca, resalt\u00f3 que, desde que Compre sin IVA se puso en marcha, unos 16,5 millones de personas ya recibieron el reintegro del impuesto en la canasta de alimentos, medicamentos y productos de higiene y limpieza personal, esto equivale a operaciones por m\u00e1s de $ 128.000 millones y devoluciones por m\u00e1s de $ 26.500 millones. En t\u00e9rminos del consumo, el reintegro representa el 11% de lo que los usuarios gastaron en la canasta. Record\u00f3 que, desde el lunes 9 de octubre arranc\u00f3 el cronograma de pago del bono de 47 mil pesos denominado IFE 2023, destinado a trabajadoras y trabajadores que no cuenten con ingresos registrados, ni ning\u00fan tipo de asistencia econ\u00f3mica del Estado,<strong> y que la inscripci\u00f3n todav\u00eda se encuentra abierta, por lo que, cualquier persona interesada puede concurrir a nuestra sede ubicada en Calle Padre Pati\u00f1o N\u00ba 831 de lunes a viernes o comunicarse a los tel\u00e9fonos 370 \u2013 4436379 \u2013 4436320 \u2013 0800 444 1770 o a los correos electr\u00f3nicos Institucionales <\/strong><a href=\"mailto:denuncia@formosa.gov.ar\"><strong>denuncia@formosa.gov.ar<\/strong><\/a><strong> \u2013 <\/strong><a href=\"mailto:depuefor@fibertel.com.ar\"><strong>depuefor@fibertel.com.ar<\/strong><\/a><strong>, donde adem\u00e1s de asesor\u00e1rselos, se les obtendr\u00e1n los turnos necesarios para que sean atendidos en el ANSES Delegaci\u00f3n Formosa.<\/strong><\/p>\n","protected":false},"excerpt":{"rendered":"<p>-Se extendi\u00f3 el Programa Compre Sin IVA para trabajadores informales-<\/p>\n","protected":false},"author":2,"featured_media":14785,"comment_status":"closed","ping_status":"closed","sticky":false,"template":"","format":"standard","meta":{"footnotes":""},"categories":[1],"tags":[],"class_list":["post-14784","post","type-post","status-publish","format-standard","has-post-thumbnail","hentry","category-noticias"],"_links":{"self":[{"href":"https:\/\/defensoriaformosa.gob.ar\/index.php?rest_route=\/wp\/v2\/posts\/14784","targetHints":{"allow":["GET"]}}],"collection":[{"href":"https:\/\/defensoriaformosa.gob.ar\/index.php?rest_route=\/wp\/v2\/posts"}],"about":[{"href":"https:\/\/defensoriaformosa.gob.ar\/index.php?rest_route=\/wp\/v2\/types\/post"}],"author":[{"embeddable":true,"href":"https:\/\/defensoriaformosa.gob.ar\/index.php?rest_route=\/wp\/v2\/users\/2"}],"replies":[{"embeddable":true,"href":"https:\/\/defensoriaformosa.gob.ar\/index.php?rest_route=%2Fwp%2Fv2%2Fcomments&post=14784"}],"version-history":[{"count":1,"href":"https:\/\/defensoriaformosa.gob.ar\/index.php?rest_route=\/wp\/v2\/posts\/14784\/revisions"}],"predecessor-version":[{"id":14786,"href":"https:\/\/defensoriaformosa.gob.ar\/index.php?rest_route=\/wp\/v2\/posts\/14784\/revisions\/14786"}],"wp:featuredmedia":[{"embeddable":true,"href":"https:\/\/defensoriaformosa.gob.ar\/index.php?rest_route=\/wp\/v2\/media\/14785"}],"wp:attachment":[{"href":"https:\/\/defensoriaformosa.gob.ar\/index.php?rest_route=%2Fwp%2Fv2%2Fmedia&parent=14784"}],"wp:term":[{"taxonomy":"category","embeddable":true,"href":"https:\/\/defensoriaformosa.gob.ar\/index.php?rest_route=%2Fwp%2Fv2%2Fcategories&post=14784"},{"taxonomy":"post_tag","embeddable":true,"href":"https:\/\/defensoriaformosa.gob.ar\/index.php?rest_route=%2Fwp%2Fv2%2Ftags&post=14784"}],"curies":[{"name":"wp","href":"https:\/\/api.w.org\/{rel}","templated":true}]}}