{"id":14778,"date":"2023-10-10T18:24:24","date_gmt":"2023-10-10T21:24:24","guid":{"rendered":"https:\/\/defensoriaformosa.gob.ar\/?p=14778"},"modified":"2023-10-13T20:28:26","modified_gmt":"2023-10-13T23:28:26","slug":"los-choferes-de-uber-deben-tener-una-habilitacion-municipal-para-poder-trabajar-legalmente","status":"publish","type":"post","link":"https:\/\/defensoriaformosa.gob.ar\/?p=14778","title":{"rendered":"LOS CHOFERES DE UBER DEBEN TENER UNA HABILITACION MUNICIPAL PARA PODER TRABAJAR LEGALMENTE"},"content":{"rendered":"<p><strong><em>-El Ombudsman Provincial, inform\u00f3 que hemos peticionado a la Municipalidad de la Ciudad de Formosa que, se dicten las normas para que este sistema de transporte pueda ser utilizado por los vecinos, no solo por sus beneficios, sino tambi\u00e9n porque se constituye en una alternativa m\u00e1s accesible y a su vez origina nuevas fuentes laborales, sin perder de vista que al mismo tiempo constituye una actividad l\u00edcita garantizada por el art. 14 de la C.N. y contemplado por el art. 1280 del CCyC y de ah\u00ed la necesidad de su regulaci\u00f3n para resguardar los derechos de los usuarios y consumidores. <\/em><\/strong><strong><em>Institucionalmente apoyamos las actividades que despliegan estas plataformas electr\u00f3nicas, pero no se debe perder de vista que, \u201cUber no solo organiza el servicio de transporte, sino que impone tarifas, las regula, da de alta a los conductores, de baja y tambi\u00e9n los sanciona\u201d, y por ello, <\/em><\/strong><strong><em>debe reconocer el Poder de Polic\u00eda, tanto de las Autoridades Competentes de la Provincia de Formosa, como de la Municipalidad de la Ciudad, para estar conforme a la Ley-<\/em><\/strong><\/p>\n<p><!--more--><\/p>\n<p>El Defensor del Pueblo de la Provincia de Formosa, Dr. Jos\u00e9 Leonardo Gialluca, <strong>se\u00f1al\u00f3, <\/strong>que Uber es una \u201c<strong>plataforma tecnol\u00f3gica<\/strong>\u201d que conecta a Socios Conductores con Usuarios por medio de una aplicaci\u00f3n de celular. El Usuario obtiene as\u00ed una alternativa de transporte r\u00e1pida, segura y confortable para trasladarse de un punto a otro de la ciudad en un principio. <strong>Advirti\u00f3 <\/strong>al mismo tiempo que, \u201cafirmar como lo hace esta empresa de que a falta de regulaci\u00f3n para los viajes compartidos no le impide funcionar en nuestra ciudad\u201d, <strong>es una verdad a medias<\/strong>. Lo que no dicen los responsables de Uber es que en nuestro pa\u00eds lo que se debate es, si el mismo es un servicio p\u00fablico de transporte y, por lo tanto, <strong>necesita de la autorizaci\u00f3n y regulaci\u00f3n que tienen los dem\u00e1s servicios, o si se trata de un servicio de transporte entre privados al ser una empresa de tecnolog\u00eda<\/strong>. Desde abril de 2016, cuando comenz\u00f3 a operar en la Argentina, Uber sostuvo que su operatoria es legal de acuerdo con el art\u00edculo 1280 y siguientes del C\u00f3digo Civil y Comercial Argentino que refiere a los contratos de transporte \u201c<strong>entre privados<\/strong>\u201d. No obstante, lo cual, en varias ciudades donde el servicio no ha sido regulado, se retienen los veh\u00edculos por \u201c<strong>transporte ilegal<\/strong>\u201d, toda vez que se considera que Uber encuadra en el \u00e1mbito de los transportes. En la pr\u00e1ctica, <strong>Uber ha entrado en nuestra provincia por la fuerza y clandestinamente, lo que permitir\u00e1 a las Autoridades Municipales Competentes, desplegar las acciones que correspondan. <\/strong>Este accionar no es nuevo, <strong>Uber siempre actu\u00f3 de esa manera, tanto en argentina, como en otros pa\u00edses, \u201cingresa, act\u00faa, presiona y despu\u00e9s se sienta a negociar las condiciones con las Autoridades Provinciales o Municipales de donde se trate\u201d. <\/strong>Es por ello que, Provincias como Mendoza, Corrientes y otras, <strong>\u201chan blanqueado esta situaci\u00f3n y los choferes de Uber para poder trabajar deben tener una habilitaci\u00f3n municipal y cumplir con una serie de requisitos para brindar el servicio\u201d, todo lo cual, ha terminado beneficiando hoy en d\u00eda a miles de usuarios, <u>frente a las deficiencias y abusos de otros servicios tradicionales, entre los que se encuentran el transporte p\u00fablico de pasajeros, remises y taxis<\/u>. <\/strong><\/p>\n<p>&nbsp;<\/p>\n","protected":false},"excerpt":{"rendered":"<p>-El Ombudsman Provincial, inform\u00f3 que hemos peticionado a la Municipalidad de la Ciudad de Formosa que, se dicten las normas para que este sistema de transporte pueda ser utilizado por los vecinos, no solo por sus beneficios, sino tambi\u00e9n porque se constituye en una alternativa m\u00e1s accesible y a su vez origina nuevas fuentes laborales, [&hellip;]<\/p>\n","protected":false},"author":2,"featured_media":14779,"comment_status":"closed","ping_status":"closed","sticky":false,"template":"","format":"standard","meta":{"footnotes":""},"categories":[1],"tags":[],"class_list":["post-14778","post","type-post","status-publish","format-standard","has-post-thumbnail","hentry","category-noticias"],"_links":{"self":[{"href":"https:\/\/defensoriaformosa.gob.ar\/index.php?rest_route=\/wp\/v2\/posts\/14778","targetHints":{"allow":["GET"]}}],"collection":[{"href":"https:\/\/defensoriaformosa.gob.ar\/index.php?rest_route=\/wp\/v2\/posts"}],"about":[{"href":"https:\/\/defensoriaformosa.gob.ar\/index.php?rest_route=\/wp\/v2\/types\/post"}],"author":[{"embeddable":true,"href":"https:\/\/defensoriaformosa.gob.ar\/index.php?rest_route=\/wp\/v2\/users\/2"}],"replies":[{"embeddable":true,"href":"https:\/\/defensoriaformosa.gob.ar\/index.php?rest_route=%2Fwp%2Fv2%2Fcomments&post=14778"}],"version-history":[{"count":1,"href":"https:\/\/defensoriaformosa.gob.ar\/index.php?rest_route=\/wp\/v2\/posts\/14778\/revisions"}],"predecessor-version":[{"id":14780,"href":"https:\/\/defensoriaformosa.gob.ar\/index.php?rest_route=\/wp\/v2\/posts\/14778\/revisions\/14780"}],"wp:featuredmedia":[{"embeddable":true,"href":"https:\/\/defensoriaformosa.gob.ar\/index.php?rest_route=\/wp\/v2\/media\/14779"}],"wp:attachment":[{"href":"https:\/\/defensoriaformosa.gob.ar\/index.php?rest_route=%2Fwp%2Fv2%2Fmedia&parent=14778"}],"wp:term":[{"taxonomy":"category","embeddable":true,"href":"https:\/\/defensoriaformosa.gob.ar\/index.php?rest_route=%2Fwp%2Fv2%2Fcategories&post=14778"},{"taxonomy":"post_tag","embeddable":true,"href":"https:\/\/defensoriaformosa.gob.ar\/index.php?rest_route=%2Fwp%2Fv2%2Ftags&post=14778"}],"curies":[{"name":"wp","href":"https:\/\/api.w.org\/{rel}","templated":true}]}}