{"id":14767,"date":"2023-10-09T22:49:10","date_gmt":"2023-10-10T01:49:10","guid":{"rendered":"https:\/\/defensoriaformosa.gob.ar\/?p=14767"},"modified":"2023-10-09T22:49:10","modified_gmt":"2023-10-10T01:49:10","slug":"la-defensoria-del-pueblo-de-la-provincia-de-formosa-condeno-los-ataques-sufridos-por-el-pueblo-israeli","status":"publish","type":"post","link":"https:\/\/defensoriaformosa.gob.ar\/?p=14767","title":{"rendered":"LA DEFENSORIA DEL PUEBLO DE LA PROVINCIA DE FORMOSA CONDENO LOS ATAQUES SUFRIDOS POR EL PUEBLO ISRAELI"},"content":{"rendered":"<p>El Defensor del Pueblo de la Provincia de Formosa, <strong>Dr. Jos\u00e9 Leonardo Gialluca<\/strong>, junto al Titular de la Oficina de la Defensor\u00eda del Pueblo de la Naci\u00f3n, <strong>Dr. Julio N\u00e9stor Santander<\/strong>, <strong>condenaron enf\u00e1ticamente<\/strong> <strong>los ataques terroristas provenientes de la Franja de Gaza contra el Sur de Israel que han dejado decenas de muertos y cientos de heridos en ese pa\u00eds. <\/strong><\/p>\n<p>Los Funcionarios recordaron que la Argentina ha sido v\u00edctima de dos hechos que no debemos jam\u00e1s olvidar, como fueron, <strong>el atentado contra la Embajada de Israel en 1992 y el atentado contra la Asociaci\u00f3n Mutual Israelita Argentina (AMIA) en 1994. <\/strong><\/p>\n<p>En consecuencia, como Organismos de la Constituci\u00f3n Provincial y Nacional, hacemos un llamado al cese inmediato de todo tipo de violencia y a encontrar, mediante el di\u00e1logo claro, sincero y maduro, como as\u00ed tambi\u00e9n a trav\u00e9s de los espacios diplom\u00e1ticos, las soluciones necesarias que se imponen en estos momentos.<\/p>\n<p>Esta escalada de violencia, de persistir, llevar\u00e1 a m\u00e1s violencia, lo que impedir\u00e1 y complicar\u00e1 las soluciones de paz que todos deseamos.<\/p>\n<p><strong>Hacemos asimismo extensiva, nuestra profunda solidaridad con la Oficina del Contralor del Estado y Defensor del Pueblo de Israel, como tambi\u00e9n, al haberse registrado v\u00edctimas argentinas, formulamos nuestras condolencias a sus familiares y amigos.<\/strong><\/p>\n<p>En consecuencia: * <strong>Expresamos<\/strong><strong> nuestra solidaridad con las v\u00edctimas civiles. * <\/strong><strong>Reclamamos<\/strong><strong> la inmediata liberaci\u00f3n de las personas secuestradas y la restituci\u00f3n de ni\u00f1as y ni\u00f1os a sus madres. * <\/strong><strong>Exigimos<\/strong><strong> la condena expresa por parte de toda la Comunidad Internacional, para evitar que progresen y se ahonden las violaciones de los Derechos Humanos. <\/strong><strong>* Asimismo<\/strong><strong>, proponemos que las Instituciones Protectoras de Derechos Humanos de todo el mundo, act\u00faen como espacios de encuentro, contenci\u00f3n y trabajo solidario para avanzar hacia la pacificaci\u00f3n en la zona de conflicto. * <\/strong><strong>Instamos<\/strong><strong> a que Brasil en ejercicio de la Presidencia del Consejo de Seguridad de la ONU, m\u00e1s all\u00e1 de las condenas a los ataques sufridos por Israel, junto a todos los miembros actuales, implementen las medidas urgentes y necesarias que impidan una escalada de violencia en la zona, as\u00ed como las soluciones de paz que todo el Pueblo Argentino desea, para evitar que este conflicto se extienda indefinidamente, lo que originar\u00e1 seguramente m\u00e1s p\u00e9rdidas de vidas y violaciones de derechos que no se pueden ni debemos justificar.<\/strong><\/p>\n","protected":false},"excerpt":{"rendered":"<p>El Defensor del Pueblo de la Provincia de Formosa, Dr. Jos\u00e9 Leonardo Gialluca, junto al Titular de la Oficina de la Defensor\u00eda del Pueblo de la Naci\u00f3n, Dr. Julio N\u00e9stor Santander, condenaron enf\u00e1ticamente los ataques terroristas provenientes de la Franja de Gaza contra el Sur de Israel que han dejado decenas de muertos y cientos [&hellip;]<\/p>\n","protected":false},"author":2,"featured_media":14768,"comment_status":"closed","ping_status":"closed","sticky":false,"template":"","format":"standard","meta":{"footnotes":""},"categories":[1],"tags":[],"class_list":["post-14767","post","type-post","status-publish","format-standard","has-post-thumbnail","hentry","category-noticias"],"_links":{"self":[{"href":"https:\/\/defensoriaformosa.gob.ar\/index.php?rest_route=\/wp\/v2\/posts\/14767","targetHints":{"allow":["GET"]}}],"collection":[{"href":"https:\/\/defensoriaformosa.gob.ar\/index.php?rest_route=\/wp\/v2\/posts"}],"about":[{"href":"https:\/\/defensoriaformosa.gob.ar\/index.php?rest_route=\/wp\/v2\/types\/post"}],"author":[{"embeddable":true,"href":"https:\/\/defensoriaformosa.gob.ar\/index.php?rest_route=\/wp\/v2\/users\/2"}],"replies":[{"embeddable":true,"href":"https:\/\/defensoriaformosa.gob.ar\/index.php?rest_route=%2Fwp%2Fv2%2Fcomments&post=14767"}],"version-history":[{"count":2,"href":"https:\/\/defensoriaformosa.gob.ar\/index.php?rest_route=\/wp\/v2\/posts\/14767\/revisions"}],"predecessor-version":[{"id":14770,"href":"https:\/\/defensoriaformosa.gob.ar\/index.php?rest_route=\/wp\/v2\/posts\/14767\/revisions\/14770"}],"wp:featuredmedia":[{"embeddable":true,"href":"https:\/\/defensoriaformosa.gob.ar\/index.php?rest_route=\/wp\/v2\/media\/14768"}],"wp:attachment":[{"href":"https:\/\/defensoriaformosa.gob.ar\/index.php?rest_route=%2Fwp%2Fv2%2Fmedia&parent=14767"}],"wp:term":[{"taxonomy":"category","embeddable":true,"href":"https:\/\/defensoriaformosa.gob.ar\/index.php?rest_route=%2Fwp%2Fv2%2Fcategories&post=14767"},{"taxonomy":"post_tag","embeddable":true,"href":"https:\/\/defensoriaformosa.gob.ar\/index.php?rest_route=%2Fwp%2Fv2%2Ftags&post=14767"}],"curies":[{"name":"wp","href":"https:\/\/api.w.org\/{rel}","templated":true}]}}