{"id":14764,"date":"2023-10-08T19:24:14","date_gmt":"2023-10-08T22:24:14","guid":{"rendered":"https:\/\/defensoriaformosa.gob.ar\/?p=14764"},"modified":"2023-10-08T19:24:14","modified_gmt":"2023-10-08T22:24:14","slug":"se-acordaron-medidas-para-reducir-ruidos-molestos-producidos-en-un-complejo-bailable-de-nuestra-ciudad","status":"publish","type":"post","link":"https:\/\/defensoriaformosa.gob.ar\/?p=14764","title":{"rendered":"SE ACORDARON MEDIDAS PARA REDUCIR RUIDOS MOLESTOS PRODUCIDOS EN UN COMPLEJO BAILABLE DE NUESTRA CIUDAD"},"content":{"rendered":"<p><strong><em>-El Ombudsman Provincial, se\u00f1al\u00f3 que, un gran porcentaje de las quejas de los vecinos vinculados a la contaminaci\u00f3n ac\u00fastica, tienen como fuente de origen a los boliches bailables, por lo que, venimos trabajando en la b\u00fasqueda de soluciones a trav\u00e9s de la mediaci\u00f3n y gestiones activas conjuntas con el Municipio de la Ciudad, para evitar las instancias judiciales, toda vez que, \u201ccuando el sonido se transforma en ruido, genera estr\u00e9s en los vecinos, alteraciones del sue\u00f1o, entre otras molestias que perjudican la calidad de vida de los mismos, siendo los ni\u00f1os, adultos mayores, los m\u00e1s afectados por estas actividades\u201d.-<\/em><\/strong><\/p>\n<p><!--more--><\/p>\n<p>Por pedido de vecinos que residen en la zona del Barrio Fontana en cercan\u00edas de la Av. Gutniski de nuestra ciudad, donde funciona desde hace tiempo un complejo bailable, quienes denuncian <strong>ruidos molestos y la inexistencia o insuficiencia de tratamientos ac\u00fasticos en el lugar<\/strong>, se llev\u00f3 a cabo una &#8211;<strong>Audiencia de Mediaci\u00f3n<\/strong>&#8211; en la Sede de la Defensor\u00eda del Pueblo y de la cual participaron los mismos, el Inspector de Bromatolog\u00eda de la Municipalidad de la Ciudad de Formosa <strong>Sr. Walter Noriega<\/strong>, el propietario del complejo bailable, junto a la Defensora Adjunta <strong>Dra. Sylvina M. Portillo<\/strong>, el Secretario Letrado <strong>Dr. Jos\u00e9 P. Garc\u00eda<\/strong>, los Asesores Legales <strong>Lourdes Delgadillo, Leonardo R. Pose<\/strong> y la Secretaria de Actas <strong>Ornella Barraza<\/strong>. De las constataciones llevadas adelante, se pudo advertir que el foco de la molestia ac\u00fastica proviene de la zona del patio del complejo, ya que, dentro del recinto, los decibeles se encuentran controlados. Es por ello que, su responsable expres\u00f3 que su intenci\u00f3n es incomodar lo menos posible a los vecinos, por lo que, a partir de la primera verificaci\u00f3n efectuada por Bromatolog\u00eda Municipal, dispuso cambios en relaci\u00f3n al sonido del patio, concretamente en la direcci\u00f3n de los parlantes grandes, que apuntaban a la calle Echegaray y fueron direccionados hacia las paredes. Se comprometi\u00f3 que, a partir de este fin de semana, los mismos ser\u00e1n ubicados de cara a la Avenida Gutnisky, ya que se propone controlar el volumen, de modo tal que no exceda los <strong>60 decibeles fijados por la normativa vigente<\/strong>. Posteriormente, los vecinos expresan que su intenci\u00f3n no es perjudicar la actividad comercial del lugar, sino llegar a una convivencia pac\u00edfica, ya que, en la actualidad, <strong>los ruidos molestos provocan estr\u00e9s y tensiones, tanto f\u00edsicas como emocionales en las familias<\/strong>, afectando el descanso normal, sobre todo en los ni\u00f1os peque\u00f1os. A este respecto, la Dra. Lourdes Delgadillo agreg\u00f3 que, en una de las mediciones, se pudo observar que un beb\u00e9 sufr\u00eda <strong>\u201cespasmos de susto como consecuencia del sonido estridente\u201d<\/strong>, lo que motiv\u00f3 profunda preocupaci\u00f3n. Si bien el actual propietario se neg\u00f3 al cerramiento del patio y de la zona de terraza por considerar que los mismos son \u201czonas de pulmones abiertos donde los clientes salen a fumar\u201d, se comprometi\u00f3 a realizar los cambios y correcciones necesarias para no perjudicar los derechos de los reclamantes, respetando el l\u00edmite de decibeles establecido, ya sea empleando recursos como cajas activas de sonido de control electr\u00f3nico y\/o barreras ac\u00fasticas que controlen la dispersi\u00f3n sonora de su complejo bailable. Por lo que, las partes acuerdan continuar con las fiscalizaciones y constataciones para observar los resultados de los cambios que ha propuesto el denunciado y que se espera lleve alivio a las familias que vienen sufriendo desde hace tiempo por los ruidos molestos ocasionados por la m\u00fasica.<\/p>\n","protected":false},"excerpt":{"rendered":"<p>-El Ombudsman Provincial, se\u00f1al\u00f3 que, un gran porcentaje de las quejas de los vecinos vinculados a la contaminaci\u00f3n ac\u00fastica, tienen como fuente de origen a los boliches bailables, por lo que, venimos trabajando en la b\u00fasqueda de soluciones a trav\u00e9s de la mediaci\u00f3n y gestiones activas conjuntas con el Municipio de la Ciudad, para evitar [&hellip;]<\/p>\n","protected":false},"author":2,"featured_media":14765,"comment_status":"closed","ping_status":"closed","sticky":false,"template":"","format":"standard","meta":{"footnotes":""},"categories":[1],"tags":[],"class_list":["post-14764","post","type-post","status-publish","format-standard","has-post-thumbnail","hentry","category-noticias"],"_links":{"self":[{"href":"https:\/\/defensoriaformosa.gob.ar\/index.php?rest_route=\/wp\/v2\/posts\/14764","targetHints":{"allow":["GET"]}}],"collection":[{"href":"https:\/\/defensoriaformosa.gob.ar\/index.php?rest_route=\/wp\/v2\/posts"}],"about":[{"href":"https:\/\/defensoriaformosa.gob.ar\/index.php?rest_route=\/wp\/v2\/types\/post"}],"author":[{"embeddable":true,"href":"https:\/\/defensoriaformosa.gob.ar\/index.php?rest_route=\/wp\/v2\/users\/2"}],"replies":[{"embeddable":true,"href":"https:\/\/defensoriaformosa.gob.ar\/index.php?rest_route=%2Fwp%2Fv2%2Fcomments&post=14764"}],"version-history":[{"count":1,"href":"https:\/\/defensoriaformosa.gob.ar\/index.php?rest_route=\/wp\/v2\/posts\/14764\/revisions"}],"predecessor-version":[{"id":14766,"href":"https:\/\/defensoriaformosa.gob.ar\/index.php?rest_route=\/wp\/v2\/posts\/14764\/revisions\/14766"}],"wp:featuredmedia":[{"embeddable":true,"href":"https:\/\/defensoriaformosa.gob.ar\/index.php?rest_route=\/wp\/v2\/media\/14765"}],"wp:attachment":[{"href":"https:\/\/defensoriaformosa.gob.ar\/index.php?rest_route=%2Fwp%2Fv2%2Fmedia&parent=14764"}],"wp:term":[{"taxonomy":"category","embeddable":true,"href":"https:\/\/defensoriaformosa.gob.ar\/index.php?rest_route=%2Fwp%2Fv2%2Fcategories&post=14764"},{"taxonomy":"post_tag","embeddable":true,"href":"https:\/\/defensoriaformosa.gob.ar\/index.php?rest_route=%2Fwp%2Fv2%2Ftags&post=14764"}],"curies":[{"name":"wp","href":"https:\/\/api.w.org\/{rel}","templated":true}]}}