{"id":14761,"date":"2023-10-07T20:35:10","date_gmt":"2023-10-07T23:35:10","guid":{"rendered":"https:\/\/defensoriaformosa.gob.ar\/?p=14761"},"modified":"2023-10-07T20:35:10","modified_gmt":"2023-10-07T23:35:10","slug":"fallo-de-la-justicia-federal-suspende-aplicacion-de-la-ampliacion-del-seguro-obligatorio-de-viaje-por-falta-de-razonabilidad","status":"publish","type":"post","link":"https:\/\/defensoriaformosa.gob.ar\/?p=14761","title":{"rendered":"FALLO DE LA JUSTICIA FEDERAL SUSPENDE APLICACION DE LA AMPLIACION DEL SEGURO OBLIGATORIO DE VIAJE POR FALTA DE RAZONABILIDAD"},"content":{"rendered":"<p><strong><em>-El Defensor del Pueblo, se\u00f1al\u00f3 que con este fallo judicial se resguardan los derechos econ\u00f3micos de miles de usuarios que \u00abno tendr\u00e1n que pagar un aumento encubierto en los pasajes, en momentos sociales, donde resguardar la capacidad adquisitiva y la vida de la gente, es nuestra obligaci\u00f3n como Organismo de la Constituci\u00f3n\u201d-<\/em><\/strong><\/p>\n<p><!--more--><\/p>\n<p>Desde la Defensor\u00eda del Pueblo de la Provincia de Formosa, se inform\u00f3 que, en la causa caratulada \u201cEmpresa Puerto Tirol S.R.L. c\/ Ministerio de Transporte de Naci\u00f3n s\/ Medida Cautelar Aut\u00f3noma\u201d Expte. Nro. 7249\/23, del Juzgado Federal N\u00ba 2 de Resistencia a cargo del Dr. Ricardo Alcides Mianovich, <strong>se orden\u00f3 al Ministerio de Transporte de la Naci\u00f3n suspender los efectos de la Resoluci\u00f3n N\u00ba 684\/22, que se complementa con la Disposici\u00f3n N\u00ba 214\/23 de la CNRT y la Resoluci\u00f3n N\u00ba 4\/23 de la Superintendencia de Seguros de Naci\u00f3n, por lo que, la Empresa Puerto Tirol S.R.L. que brinda servicios de transporte interurbano en nuestra provincia, <em>\u201cno tendr\u00e1 que aplicar el recargo de $250 por cada pasajero en concepto de -Ampliaci\u00f3n del Seguro Obligatorio de Viaje-\u201d, <\/em><\/strong>hasta tanto se dicte sentencia definitiva en la causa principal. El Ombudsman Provincial, Dr. Jos\u00e9 Leonardo Gialluca, resalt\u00f3 que, en un servicio como el transporte de media y larga distancia de vital importancia, donde Puerto Tirol SRL permite atender las necesidades de diversos sectores de nuestra comunidad, resulta necesario que, sin desconocer las atribuciones de las distintas \u00c1reas de Gobierno del Estado Nacional, las mismas deben ser ejercidas dentro de un l\u00edmite de razonabilidad, ya que, estas empresas pagan un seguro de accidente de pasajeros transportados, cubriendo las eventualidades que puedan suceder y de aplicarse <strong>\u201cuna Ampliaci\u00f3n del Seguro Obligatorio de Viaje\u201d<\/strong>, se producir\u00eda entonces una superposici\u00f3n de coberturas, lo que originar\u00e1 un aumento encubierto en los pasajes que deben pagar los usuarios, afectando adem\u00e1s por ejemplo a polic\u00edas, gendarmes, docentes, estudiantes que son transportados gratuitamente, sin que haya previsto,<strong> que en la mayor\u00eda de los casos no se tuvieron en cuenta las distancias recorridas y m\u00e1s grave es a\u00fan la discrecionalidad, cuando se ha dejado fuera de esta pretensi\u00f3n recaudatoria, al transporte ferroviario, al a\u00e9reo y otros, afect\u00e1ndose de esta manera, el leg\u00edtimo derecho de igualdad ante la ley que poseen los usuarios y consumidores.<\/strong><\/p>\n","protected":false},"excerpt":{"rendered":"<p>-El Defensor del Pueblo, se\u00f1al\u00f3 que con este fallo judicial se resguardan los derechos econ\u00f3micos de miles de usuarios que \u00abno tendr\u00e1n que pagar un aumento encubierto en los pasajes, en momentos sociales, donde resguardar la capacidad adquisitiva y la vida de la gente, es nuestra obligaci\u00f3n como Organismo de la Constituci\u00f3n\u201d-<\/p>\n","protected":false},"author":2,"featured_media":14762,"comment_status":"closed","ping_status":"closed","sticky":false,"template":"","format":"standard","meta":{"footnotes":""},"categories":[1],"tags":[],"class_list":["post-14761","post","type-post","status-publish","format-standard","has-post-thumbnail","hentry","category-noticias"],"_links":{"self":[{"href":"https:\/\/defensoriaformosa.gob.ar\/index.php?rest_route=\/wp\/v2\/posts\/14761","targetHints":{"allow":["GET"]}}],"collection":[{"href":"https:\/\/defensoriaformosa.gob.ar\/index.php?rest_route=\/wp\/v2\/posts"}],"about":[{"href":"https:\/\/defensoriaformosa.gob.ar\/index.php?rest_route=\/wp\/v2\/types\/post"}],"author":[{"embeddable":true,"href":"https:\/\/defensoriaformosa.gob.ar\/index.php?rest_route=\/wp\/v2\/users\/2"}],"replies":[{"embeddable":true,"href":"https:\/\/defensoriaformosa.gob.ar\/index.php?rest_route=%2Fwp%2Fv2%2Fcomments&post=14761"}],"version-history":[{"count":1,"href":"https:\/\/defensoriaformosa.gob.ar\/index.php?rest_route=\/wp\/v2\/posts\/14761\/revisions"}],"predecessor-version":[{"id":14763,"href":"https:\/\/defensoriaformosa.gob.ar\/index.php?rest_route=\/wp\/v2\/posts\/14761\/revisions\/14763"}],"wp:featuredmedia":[{"embeddable":true,"href":"https:\/\/defensoriaformosa.gob.ar\/index.php?rest_route=\/wp\/v2\/media\/14762"}],"wp:attachment":[{"href":"https:\/\/defensoriaformosa.gob.ar\/index.php?rest_route=%2Fwp%2Fv2%2Fmedia&parent=14761"}],"wp:term":[{"taxonomy":"category","embeddable":true,"href":"https:\/\/defensoriaformosa.gob.ar\/index.php?rest_route=%2Fwp%2Fv2%2Fcategories&post=14761"},{"taxonomy":"post_tag","embeddable":true,"href":"https:\/\/defensoriaformosa.gob.ar\/index.php?rest_route=%2Fwp%2Fv2%2Ftags&post=14761"}],"curies":[{"name":"wp","href":"https:\/\/api.w.org\/{rel}","templated":true}]}}