{"id":14758,"date":"2023-10-05T21:26:23","date_gmt":"2023-10-06T00:26:23","guid":{"rendered":"https:\/\/defensoriaformosa.gob.ar\/?p=14758"},"modified":"2023-10-05T21:26:23","modified_gmt":"2023-10-06T00:26:23","slug":"denuncio-la-defensoria-significativos-aumentos-en-la-revision-tecnica-obligatoria","status":"publish","type":"post","link":"https:\/\/defensoriaformosa.gob.ar\/?p=14758","title":{"rendered":"DENUNCIO LA DEFENSORIA SIGNIFICATIVOS AUMENTOS EN LA REVISION TECNICA OBLIGATORIA"},"content":{"rendered":"<p>El actual Gerente de la firma INTERFOR S.R.L. Ing. Fernando Granada, <strong>\u00fanica empresa habilitada en la provincia de formosa para otorgar la Revisi\u00f3n T\u00e9cnica Obligatoria -RTO-<\/strong>, la cual es exigida en casi todas las jurisdicciones del pa\u00eds, adoptando en algunas otros nombres como Verificaci\u00f3n T\u00e9cnica Vehicular (VTV), Revisi\u00f3n T\u00e9cnica Vehicular (RTV), Inspecci\u00f3n T\u00e9cnica Vehicular (ITV) y Verificaci\u00f3n T\u00e9cnica Obligatoria (VTO), para hacer referencia a lo mismo, esto es la revisi\u00f3n t\u00e9cnica vehicular, <strong>inform\u00f3 a la Defensor\u00eda del Pueblo que a partir de este mes, \u201clos precios de la RTO se han incrementado para todas las categor\u00edas\u201d, quedando los valores de los mismos de la siguiente manera: * Autom\u00f3viles de Uso Particular (UP) $17.000,00<\/strong>; * Pick Up y\/o Utilitarios Particular\/Furg\u00f3n\/Todo Terreno $20.000,00; * Pick Up y\/o Utilitario de Carga $32.000,00; * Cami\u00f3n N2 (350-608-DAILY-Etc) $53.000,00; * Cami\u00f3n N3 2 Ejes $53.000,00; * Cami\u00f3n N3 3 Ejes $53.000,00; * Cami\u00f3n N3 4 Ejes $53.000,00; * Acoplado o Semi de 1, 2 o 3 Ejes $53.000,00; * Acoplado o Semi de 4 Ejes $53.000,00; <strong>* Minib\u00fas $45.000,00<\/strong>; * \u00d3mnibus de 2 Ejes $60.000,00; * \u00d3mnibus de 3 Ejes $60.000,00; * \u00d3mnibus de 4 Ejes $60.000,00; <strong>* \u00d3mnibus Urbano $45.000,00<\/strong>; <strong>* Taxis\/ Remises $17.000,00<\/strong>. El Ombudsman Provincial, Dr. Jos\u00e9 Leonardo Gialluca, se\u00f1al\u00f3 que, la validez de las revisiones t\u00e9cnicas obligatorias en nuestra provincia depende en el caso de los veh\u00edculos de uso particular de la antig\u00fcedad de los mismos, por lo que, de: <strong>0 km a 2 a\u00f1os de antig\u00fcedad<\/strong> <strong>tienen gracia (se encuentran eximidos); 2 a\u00f1os a 7 a\u00f1os de antig\u00fcedad la vigencia es por 2 (dos) a\u00f1os; los mayores de 7 a\u00f1os de antig\u00fcedad la vigencia es por tan solo 1 (un) a\u00f1o. <\/strong>En el caso de los <strong>Transporte de carga:<\/strong> de 0 km a 1 a\u00f1o de antig\u00fcedad tienen gracia; 1 a\u00f1o a 20 a\u00f1os de antig\u00fcedad la vigencia es por 1 (un) a\u00f1o; los mayores de 20 a\u00f1os de antig\u00fcedad la vigencia es por 6 (seis) meses. Para los <strong>Transporte de pasajeros (remises y taxis):<\/strong> de 0 km a 1 a\u00f1o de antig\u00fcedad tienen gracia; 1 a\u00f1o a 8 a\u00f1os de antig\u00fcedad la vigencia es por 1 (un) a\u00f1o; los mayores de 8 a\u00f1os de antig\u00fcedad su vigencia es de 6 (seis) meses. Agreg\u00f3 el Funcionario Provincial que, desde el punto de vista de la accidentolog\u00eda, se observa la participaci\u00f3n del veh\u00edculo no s\u00f3lo como causante, sino tambi\u00e9n como contribuyente, atenuante o agravante de las consecuencias de los siniestros viales y su interacci\u00f3n con el hombre y el ambiente. Dentro de las \u201c<strong>fallas mec\u00e1nicas<\/strong>\u201d poseen relevancia los sistemas de seguridad vinculados a <strong>direcci\u00f3n, frenos, iluminaci\u00f3n y, entre los elementos, los neum\u00e1ticos, todos presentes en causas siniestrales<\/strong>. No obstante, lo cual, reconoci\u00f3 que, existe un fuerte reclamo de los propietarios de veh\u00edculos en general, por el mal estado de mantenimiento en que se encuentran las diversas arterias de nuestra ciudad, como as\u00ed tambi\u00e9n, tramos o zonas de rutas nacionales, lo que ocasiona permanentemente da\u00f1os y perjuicios en las estructuras de los autom\u00f3viles, que luego deben ser sometidos a las inspecciones que llevan adelante los talleres de revisi\u00f3n t\u00e9cnica.<\/p>\n","protected":false},"excerpt":{"rendered":"<p>El actual Gerente de la firma INTERFOR S.R.L. Ing. Fernando Granada, \u00fanica empresa habilitada en la provincia de formosa para otorgar la Revisi\u00f3n T\u00e9cnica Obligatoria -RTO-, la cual es exigida en casi todas las jurisdicciones del pa\u00eds, adoptando en algunas otros nombres como Verificaci\u00f3n T\u00e9cnica Vehicular (VTV), Revisi\u00f3n T\u00e9cnica Vehicular (RTV), Inspecci\u00f3n T\u00e9cnica Vehicular (ITV) [&hellip;]<\/p>\n","protected":false},"author":2,"featured_media":14759,"comment_status":"closed","ping_status":"closed","sticky":false,"template":"","format":"standard","meta":{"footnotes":""},"categories":[1],"tags":[],"class_list":["post-14758","post","type-post","status-publish","format-standard","has-post-thumbnail","hentry","category-noticias"],"_links":{"self":[{"href":"https:\/\/defensoriaformosa.gob.ar\/index.php?rest_route=\/wp\/v2\/posts\/14758","targetHints":{"allow":["GET"]}}],"collection":[{"href":"https:\/\/defensoriaformosa.gob.ar\/index.php?rest_route=\/wp\/v2\/posts"}],"about":[{"href":"https:\/\/defensoriaformosa.gob.ar\/index.php?rest_route=\/wp\/v2\/types\/post"}],"author":[{"embeddable":true,"href":"https:\/\/defensoriaformosa.gob.ar\/index.php?rest_route=\/wp\/v2\/users\/2"}],"replies":[{"embeddable":true,"href":"https:\/\/defensoriaformosa.gob.ar\/index.php?rest_route=%2Fwp%2Fv2%2Fcomments&post=14758"}],"version-history":[{"count":1,"href":"https:\/\/defensoriaformosa.gob.ar\/index.php?rest_route=\/wp\/v2\/posts\/14758\/revisions"}],"predecessor-version":[{"id":14760,"href":"https:\/\/defensoriaformosa.gob.ar\/index.php?rest_route=\/wp\/v2\/posts\/14758\/revisions\/14760"}],"wp:featuredmedia":[{"embeddable":true,"href":"https:\/\/defensoriaformosa.gob.ar\/index.php?rest_route=\/wp\/v2\/media\/14759"}],"wp:attachment":[{"href":"https:\/\/defensoriaformosa.gob.ar\/index.php?rest_route=%2Fwp%2Fv2%2Fmedia&parent=14758"}],"wp:term":[{"taxonomy":"category","embeddable":true,"href":"https:\/\/defensoriaformosa.gob.ar\/index.php?rest_route=%2Fwp%2Fv2%2Fcategories&post=14758"},{"taxonomy":"post_tag","embeddable":true,"href":"https:\/\/defensoriaformosa.gob.ar\/index.php?rest_route=%2Fwp%2Fv2%2Ftags&post=14758"}],"curies":[{"name":"wp","href":"https:\/\/api.w.org\/{rel}","templated":true}]}}