{"id":14755,"date":"2023-10-04T16:47:31","date_gmt":"2023-10-04T19:47:31","guid":{"rendered":"https:\/\/defensoriaformosa.gob.ar\/?p=14755"},"modified":"2023-10-04T16:47:31","modified_gmt":"2023-10-04T19:47:31","slug":"demandan-se-reserve-en-el-presupuesto-2024-las-partidas-necesarias-para-la-reparacion-economica-prevista-en-el-dnu-829-19","status":"publish","type":"post","link":"https:\/\/defensoriaformosa.gob.ar\/?p=14755","title":{"rendered":"DEMANDAN SE RESERVE EN EL PRESUPUESTO 2024 LAS PARTIDAS NECESARIAS PARA LA REPARACION ECONOMICA PREVISTA EN EL DNU 829\/19"},"content":{"rendered":"<p><strong><em>-Sin pretextos ni contratiempos, estamos obligados a saldar las deudas pendientes con las v\u00edctimas y familiares de los ca\u00eddos en cumplimiento del deber, a 48 a\u00f1os del ataque al RIM 29, habiendo transcurrido diversos gobiernos nacionales de todos los signos pol\u00edticos en nuestro pa\u00eds-<\/em><\/strong><\/p>\n<p><!--more--><\/p>\n<p>Desde la &#8211;<strong>Direcci\u00f3n de Derechos Humanos y Grupos Minoritarios<\/strong>&#8211; de la Defensor\u00eda del Pueblo de la Provincia de Formosa, se demand\u00f3 a la Presidenta de la C\u00e1mara de Diputados de Naci\u00f3n, Cecilia Moreau y a la del Senado, Cristina Fern\u00e1ndez, <strong>que en el proceso de tratamiento y aprobaci\u00f3n del Presupuesto Nacional 2024, se reserven las partidas presupuestarias necesarias y suficientes para dar cumplimiento al DNU N\u00ba 829\/19, mediante el cual quedara establecido en sus Art\u00edculos * 1\u00b0: El derecho a percibir una compensaci\u00f3n econ\u00f3mica a las personas que participaron de la defensa del Regimiento de Infanter\u00eda de Monte N\u00b0 29 \u201cCoronel Ignacio Warnes\u201d y hubieran fallecido o sufrido lesiones grav\u00edsimas o graves, seg\u00fan la calificaci\u00f3n establecida en el CPA. * 2\u00ba:<\/strong> El beneficio a los herederos de las personas que fallecieron a consecuencia de los hechos, tendr\u00e1n derecho a percibir una indemnizaci\u00f3n sustitutiva del valor vida, equivalente a la remuneraci\u00f3n mensual de los agentes de Nivel A, Grado 0 del Escalaf\u00f3n para el Personal Civil de la Administraci\u00f3n P\u00fablica Nacional. <strong>* 3\u00b0:<\/strong> La indemnizaci\u00f3n correspondiente a las personas que en iguales circunstancias hubieren sufrido lesiones grav\u00edsimas, seg\u00fan la calificaci\u00f3n establecida en el CPA, ser\u00e1 equivalente a la suma prevista en el art\u00edculo 2\u00b0 del Decreto, reducida en un treinta por ciento (30%). <strong>* 4\u00b0:<\/strong> La indemnizaci\u00f3n correspondiente a las personas que en iguales circunstancias hubiesen sufrido lesiones graves, seg\u00fan la calificaci\u00f3n establecida en el CPA, ser\u00e1 equivalente a la suma prevista en el art\u00edculo 2\u00b0 DNU, reducida en un cuarenta por ciento (40%). <strong>El Ombudsman Provincial, Dr. Jos\u00e9 Leonardo Gialluca, record\u00f3 que lamentablemente han pasado m\u00e1s de diez administraciones nacionales a lo largo de 48 a\u00f1os del ataque al RIM 29 de Formosa y nadie ha tenido hasta hoy la suficiente voluntad pol\u00edtica de hacer realidad una digna reparaci\u00f3n econ\u00f3mica, por lo cual, consideramos que esta es la oportunidad hist\u00f3rica que poseen nuestros legisladores para garantizar efectivamente lo que tan solo ha quedado plasmado en normativas, que nunca llegaron a beneficiar a los defensores del cuartel que con el pasar del tiempo cada vez son menos, ya que van falleciendo, por lo que, demandamos en este sentido, las indemnizaciones previstas tambi\u00e9n a favor de sus derechohabientes.<\/strong><\/p>\n","protected":false},"excerpt":{"rendered":"<p>-Sin pretextos ni contratiempos, estamos obligados a saldar las deudas pendientes con las v\u00edctimas y familiares de los ca\u00eddos en cumplimiento del deber, a 48 a\u00f1os del ataque al RIM 29, habiendo transcurrido diversos gobiernos nacionales de todos los signos pol\u00edticos en nuestro pa\u00eds-<\/p>\n","protected":false},"author":2,"featured_media":14756,"comment_status":"closed","ping_status":"closed","sticky":false,"template":"","format":"standard","meta":{"footnotes":""},"categories":[1],"tags":[],"class_list":["post-14755","post","type-post","status-publish","format-standard","has-post-thumbnail","hentry","category-noticias"],"_links":{"self":[{"href":"https:\/\/defensoriaformosa.gob.ar\/index.php?rest_route=\/wp\/v2\/posts\/14755","targetHints":{"allow":["GET"]}}],"collection":[{"href":"https:\/\/defensoriaformosa.gob.ar\/index.php?rest_route=\/wp\/v2\/posts"}],"about":[{"href":"https:\/\/defensoriaformosa.gob.ar\/index.php?rest_route=\/wp\/v2\/types\/post"}],"author":[{"embeddable":true,"href":"https:\/\/defensoriaformosa.gob.ar\/index.php?rest_route=\/wp\/v2\/users\/2"}],"replies":[{"embeddable":true,"href":"https:\/\/defensoriaformosa.gob.ar\/index.php?rest_route=%2Fwp%2Fv2%2Fcomments&post=14755"}],"version-history":[{"count":1,"href":"https:\/\/defensoriaformosa.gob.ar\/index.php?rest_route=\/wp\/v2\/posts\/14755\/revisions"}],"predecessor-version":[{"id":14757,"href":"https:\/\/defensoriaformosa.gob.ar\/index.php?rest_route=\/wp\/v2\/posts\/14755\/revisions\/14757"}],"wp:featuredmedia":[{"embeddable":true,"href":"https:\/\/defensoriaformosa.gob.ar\/index.php?rest_route=\/wp\/v2\/media\/14756"}],"wp:attachment":[{"href":"https:\/\/defensoriaformosa.gob.ar\/index.php?rest_route=%2Fwp%2Fv2%2Fmedia&parent=14755"}],"wp:term":[{"taxonomy":"category","embeddable":true,"href":"https:\/\/defensoriaformosa.gob.ar\/index.php?rest_route=%2Fwp%2Fv2%2Fcategories&post=14755"},{"taxonomy":"post_tag","embeddable":true,"href":"https:\/\/defensoriaformosa.gob.ar\/index.php?rest_route=%2Fwp%2Fv2%2Ftags&post=14755"}],"curies":[{"name":"wp","href":"https:\/\/api.w.org\/{rel}","templated":true}]}}